{"id":2733,"date":"2020-10-17T13:42:18","date_gmt":"2020-10-17T13:42:18","guid":{"rendered":"http:\/\/elargarmusical.com\/?p=2733"},"modified":"2020-10-21T18:21:39","modified_gmt":"2020-10-21T18:21:39","slug":"mi-concierto-en-el-argar-marcara-un-antes-y-un-despues-en-su-visibilidad","status":"publish","type":"post","link":"https:\/\/elargarmusical.com\/?p=2733","title":{"rendered":"\u201cMi concierto en El Argar marcar\u00e1 un antes y un despu\u00e9s en su visibilidad\u201d"},"content":{"rendered":"<p><strong>Marta Rodr\u00edguez entrevista a Ana H\u00e4sler, mezzosoprano y directora del proyecto \u2018El Argar musical\u2019<\/strong><\/p><p><strong>Fuente de la publicaci\u00f3n:<\/strong> <a href=\"https:\/\/www.lavozdealmeria.com\/noticia\/5\/vivir\/202340\/mi-concierto-en-el-argar-marcara-un-antes-y-un-despues-en-su-visibilidad\" target=\"_blank\" rel=\"noreferrer noopener\">La Voz de Almer\u00eda<\/a><\/p><p>Ana H\u00e4sler Soler, mezzosoprano y directora art\u00edstica del proyecto \u2018El Argar musical\u2019, sue\u00f1a con&nbsp;<strong>unir m\u00fasica y arqueolog\u00eda para lograr el reconocimiento del yacimiento arg\u00e1rico&nbsp;<\/strong>de Antas, el pueblo donde se hunden sus ra\u00edces familiares.<\/p><p><strong>\u00bfC\u00f3mo resumir\u00eda la novelesca historia del origen multicultural de su familia?<\/strong><br>Mi abuelo materno naci\u00f3 en el pueblo de Antas, estudi\u00f3 Ingenier\u00eda de Caminos y Puentes en Cuevas y en Belmez y, al licenciarse, embarc\u00f3 rumbo a Nueva York, pero el destino quiso que desembarcase en La Habana aprovechando una escala del viaje. Puede decirse que esta decisi\u00f3n de mi abuelo andaluz marca los or\u00edgenes multiculturales de mi familia con mi abuela materna, cubana de origen franco-canario, y la familia de mi padre, suizo-alemana.<br><strong><br>Su padre era pintor y todos sus hermanos se dedican a las distintas ramas del arte. \u00bfC\u00f3mo le influy\u00f3 crecer en una casa as\u00ed?<\/strong><br>Puede decirse que ha habido una fuerte carga gen\u00e9tica, al mismo tiempo que unas circunstancias vitales que nos han permitido desarrollarnos libremente. Nunca nos dijeron lo que deb\u00edamos hacer. Lo raro hubiese sido que alguno de mis hermanos o yo hubi\u00e9ramos estudiado Medicina, por ejemplo. Tanto mi madre como mi padre han sido personas enormemente creativas.<\/p><p><strong>\u00bfC\u00f3mo descubri\u00f3 Ana H\u00e4sler que quer\u00eda ganarse la vida con su voz?<\/strong><br>Vivo por y para la m\u00fasica, las artes y la cultura. El talento excepcional se descubre a muy corta edad. Despu\u00e9s, es la pasi\u00f3n lo que marca el camino a seguir. Sin pasi\u00f3n y sin esfuerzo ning\u00fan talento sirve para mucho en esta vida. El canto es un instrumento complejo y dif\u00edcil. El trabajo para formarse y para mejorar es constante y largo. Digamos que cantar es mi vida y no puedo separar una cosa de la otra. A diferencia de lo que ocurre en otras profesiones, en el arte es la profesi\u00f3n la que te elige a ti y no al rev\u00e9s. Creo que son muchas las circunstancias que deben darse para que un artista pueda llegar a dedicarse profesionalmente a su vocaci\u00f3n.<br><br><strong>\u00bfC\u00f3mo se reencontr\u00f3 con sus ra\u00edces antusas?<\/strong><br>Nac\u00ed en La Habana y llegu\u00e9 a los tres a\u00f1os con mi familia a la casa de Antas, que fue nuestro primer hogar. Junto con mis t\u00edos, residimos unos meses y despu\u00e9s vivimos un a\u00f1o en Moj\u00e1car. No ha habido un reencuentro, sino una convivencia constante con mi familia andaluza, que ha perdurado siempre. Llevo el nombre de una de las t\u00edas de mi madre, Ana Mar\u00eda, casada con un m\u00e9dico de Granada, la ciudad donde se conocieron mis padres.<\/p><p><strong>Tiene entre manos el proyecto de poner en pie \u2018El Argar Musical\u2019, un festival que lleve la m\u00fasica cl\u00e1sica al yacimiento de El Argar. \u00bfC\u00f3mo lo imagina?<\/strong><br>En Antas reside una gran parte de lo que soy yo. Ah\u00ed est\u00e1 mi casa y ah\u00ed est\u00e1 El Argar, la gran necr\u00f3polis que forma parte del paisaje de mi infancia. Hace mucho<br>que acaricio el sue\u00f1o de cantar en Antas y ahora, despu\u00e9s de m\u00e1s de veinte a\u00f1os de experiencia profesional, es un inmenso orgullo para m\u00ed cantar para mi pueblo y en un lugar tan especial como el propio yacimiento natural.<\/p><p>Mi concierto en El Argar marcar\u00e1 un antes y un despu\u00e9s en la visibilidad de este importante enclave, que da el nombre a toda una cultura y pretende ser el punto de partida para un proyecto ambicioso en el que convivan m\u00fasica cl\u00e1sica y arqueolog\u00eda con el fin de lograr el merecido reconocimiento de todos los asentamientos arqueol\u00f3gicos arg\u00e1ricos de la provincia de Almer\u00eda.<br><br><strong>El Ayuntamiento de Antas, el compositor Juan Carlos Sender y usted buscan patrocinios para que este circuito tan simb\u00f3lico sea una realidad. \u00bfPor qu\u00e9 tienen que apoyarlos?<\/strong><br>Es imprescindible aunar esfuerzos y ya se han involucrado relevantes entidades y personalidades como la Orquesta Ciudad de Almer\u00eda y su director titular, Michael Thomas.<\/p><p>Desde \u2018El Argar Musical\u2019, partimos del pasado con la mirada puesta en el futuro. La m\u00fasica servir\u00e1 al legado arg\u00e1rico. Tambi\u00e9n contamos con un proyecto did\u00e1ctico musical para los j\u00f3venes talentos con los mejores profesores para ense\u00f1ar en El Argar.<br><br><strong>Como mezzosoprano ha actuado en escenarios emblem\u00e1ticos y a las \u00f3rdenes de grandes directores. \u00bfCu\u00e1l es ese concierto especial que lleva grabado en la retina?<\/strong><br>Son muchos los escenarios, es dif\u00edcil quedarse con uno: la \u00d3pera Estatal de Baviera, el Gran Teatro del Liceo de Barcelona, el Teatro Real de Madrid&#8230; Puedo mencionar obras que importantes compositores han escrito para m\u00ed: \u2018Canciones del Saber y de El Sentir\u2019 de Juan Jos\u00e9 Falc\u00f3n Sanabria y \u2018Ciego de amor\u2019 de Ant\u00f3n Garc\u00eda Abril, entre otras.<\/p><p>Espero que mi concierto arg\u00e1rico en Antas sea otro hito en mi trayectoria profesional. Ser\u00e1, sin duda, la culminaci\u00f3n de un sue\u00f1o.<\/p><div class=\"wp-block-image\"><figure class=\"aligncenter size-large\"><img fetchpriority=\"high\" decoding=\"async\" width=\"768\" height=\"1024\" src=\"https:\/\/elargarmusical.com\/wp-content\/uploads\/2020\/10\/WhatsApp-Image-2020-10-17-at-15.36.00-768x1024.jpeg\" alt=\"\" class=\"wp-image-2746\" srcset=\"https:\/\/elargarmusical.com\/wp-content\/uploads\/2020\/10\/WhatsApp-Image-2020-10-17-at-15.36.00-768x1024.jpeg 768w, https:\/\/elargarmusical.com\/wp-content\/uploads\/2020\/10\/WhatsApp-Image-2020-10-17-at-15.36.00-225x300.jpeg 225w, https:\/\/elargarmusical.com\/wp-content\/uploads\/2020\/10\/WhatsApp-Image-2020-10-17-at-15.36.00.jpeg 1124w\" sizes=\"(max-width: 768px) 100vw, 768px\" \/><\/figure><\/div><p><\/p>","protected":false},"excerpt":{"rendered":"<p>Marta Rodr\u00edguez entrevista a Ana H\u00e4sler, mezzosoprano y directora del proyecto \u2018El Argar musical\u2019 Fuente de la publicaci\u00f3n: La Voz de Almer\u00eda Ana H\u00e4sler Soler, mezzosoprano y directora art\u00edstica del proyecto \u2018El Argar musical\u2019, sue\u00f1a con&nbsp;unir m\u00fasica y arqueolog\u00eda para lograr el reconocimiento del yacimiento arg\u00e1rico&nbsp;de Antas, el pueblo donde se hunden sus ra\u00edces familiares. [&hellip;]<\/p>\n","protected":false},"author":1,"featured_media":2734,"comment_status":"open","ping_status":"open","sticky":false,"template":"","format":"standard","meta":{"footnotes":""},"categories":[33],"tags":[],"class_list":["post-2733","post","type-post","status-publish","format-standard","has-post-thumbnail","hentry","category-entrevistas"],"_links":{"self":[{"href":"https:\/\/elargarmusical.com\/index.php?rest_route=\/wp\/v2\/posts\/2733","targetHints":{"allow":["GET"]}}],"collection":[{"href":"https:\/\/elargarmusical.com\/index.php?rest_route=\/wp\/v2\/posts"}],"about":[{"href":"https:\/\/elargarmusical.com\/index.php?rest_route=\/wp\/v2\/types\/post"}],"author":[{"embeddable":true,"href":"https:\/\/elargarmusical.com\/index.php?rest_route=\/wp\/v2\/users\/1"}],"replies":[{"embeddable":true,"href":"https:\/\/elargarmusical.com\/index.php?rest_route=%2Fwp%2Fv2%2Fcomments&post=2733"}],"version-history":[{"count":0,"href":"https:\/\/elargarmusical.com\/index.php?rest_route=\/wp\/v2\/posts\/2733\/revisions"}],"wp:featuredmedia":[{"embeddable":true,"href":"https:\/\/elargarmusical.com\/index.php?rest_route=\/wp\/v2\/media\/2734"}],"wp:attachment":[{"href":"https:\/\/elargarmusical.com\/index.php?rest_route=%2Fwp%2Fv2%2Fmedia&parent=2733"}],"wp:term":[{"taxonomy":"category","embeddable":true,"href":"https:\/\/elargarmusical.com\/index.php?rest_route=%2Fwp%2Fv2%2Fcategories&post=2733"},{"taxonomy":"post_tag","embeddable":true,"href":"https:\/\/elargarmusical.com\/index.php?rest_route=%2Fwp%2Fv2%2Ftags&post=2733"}],"curies":[{"name":"wp","href":"https:\/\/api.w.org\/{rel}","templated":true}]}}