{"id":2870,"date":"2021-07-21T22:51:00","date_gmt":"2021-07-21T22:51:00","guid":{"rendered":"http:\/\/elargarmusical.com\/?p=2870"},"modified":"2022-06-22T14:30:39","modified_gmt":"2022-06-22T14:30:39","slug":"el-argar-musical-da-sus-primeros-pasos-en-antas","status":"publish","type":"post","link":"https:\/\/elargarmusical.com\/?p=2870","title":{"rendered":"El Argar musical da sus primeros pasos en Antas"},"content":{"rendered":"<p>El padre de la mezzosoprano es el pintor hiperrealista suizo Rudolf H\u00e4sler que residi\u00f3 en Moj\u00e1car y Carboneras.<strong>&nbsp;\u201cEs un viaje de ida y vuelta porque mi abuelo materno, Bartolom\u00e9 Soler Mart\u00ednez, ingeniero de caminos, fue alcalde de Antas, antes y despu\u00e9s de la Guerra Civil\u201d.<\/strong>&nbsp;Con H\u00e4sler Soler me cit\u00e9 en una tarde agradable en Era del Lugar, junto al escenario de las fiestas patronales, en cafeter\u00eda Leo, otro punto de encuentro de Antas.<strong>&nbsp;Se encuentra en Antas restaurando la casa familiar en la calle del Carmen, junto a la de Celia Vi\u00f1as.<\/strong>&nbsp;Aprovecha para realizar gestiones en Diputaci\u00f3n, ayuntamientos de Hu\u00e9rcal Overa, Moj\u00e1car y Antas. \u201cEs la ilusi\u00f3n de mi vida. Quiero hacer algo en la gran metr\u00f3poli de mi infancia, mis ra\u00edces y por eso&nbsp;<strong>deseo con toda mi alma cantar en El Argar, frente a mi casa<\/strong>, cuyos cimientos tienen piedras de origen arg\u00e1rico y continuar implicando a las provincias de&nbsp;<strong>El Argar, Murcia, Granada, Ja\u00e9n, Alicante y Almer\u00eda<\/strong>\u201d. Da gusto conversar con una persona con una gran tormenta de ideas culturales que muestra pasi\u00f3n por Antas y sus vecinos. A la periodista Marta Rodr\u00edguez, autora de<strong>&nbsp;\u201cCuando fui naufraga. Diario de una cuarentena\u201d, le confes\u00f3 los escenarios y conciertos que m\u00e1s le han llamado la atenci\u00f3n:<\/strong>&nbsp;\u201cSon muchos los escenarios, es dif\u00edcil quedarse con uno: la \u00d3pera Estatal de Baviera, el Gran Teatro del Liceo de Barcelona, el Teatro Real de Madrid&#8230; Puedo mencionar obras que importantes compositores han escrito para m\u00ed: \u2018Canciones del Saber y de El Sentir\u2019 de Juan Jos\u00e9 Falc\u00f3n Sanabria y \u2018Ciego de amor\u2019 de Ant\u00f3n Garc\u00eda Abril, entre otras\u201d.&nbsp;<\/p><p>La pandemia y sus consecuencias deja para m\u00e1s adelante el sue\u00f1o de un gran concierto musical en plena&nbsp;<strong>cultura del vaso campaniforme, El Argar<\/strong>, la cultura en la Edad del Bronce y que abarca a todo el sureste espa\u00f1ol. \u201cDeseo que no solo quede en conciertos anuales sino impulsar una escuela para formar y<strong>&nbsp;lanzar a j\u00f3venes estrellas de la l\u00edrica\u201d.<\/strong><\/p><p>Infancia en Moj\u00e1car<\/p><p>La cantante l\u00edrica rememora su infancia en Moj\u00e1car,&nbsp;<strong>ciudad a la que lleg\u00f3 con tres a\u00f1os, procedente de La Habana.&nbsp;<\/strong>Tuvo la oportunidad de mantener con contactos con su familia granadina. Confiesa que le fascinaba la ilusi\u00f3n que desprend\u00eda<strong>&nbsp;su padre escuchando a los indalianos encabezados por Jes\u00fas de Perceval&nbsp;<\/strong>y m\u00e1s adelante los veranos de los grandes del arte que se asomaron por Moj\u00e1car como el prestigioso catedr\u00e1tico de la Universidad Complutense e historiador Antonio Bonet Correa y su hijo Juan Manuel Bonet, exdirector del Reina Sof\u00eda y del Instituto Cervantes.&nbsp;<\/p><p>La artista, nacida en La Habana, con tres a\u00f1os, se mud\u00f3 con sus padres a Moj\u00e1car, viviendo primero en una casa, junto a la iglesia y posteriormente residi\u00f3, cerca del antiguo hotel Indalo de la plaza, el gran punto de encuentro de los mojaqueros y turistas.&nbsp;<strong>Actualmente reside en San Cugat del Vall\u00e9s<\/strong>&nbsp;(Barcelona) \u201cHace un a\u00f1o, encontr\u00e9 un art\u00edculo tuyo\u201d, me aclara,<strong>&nbsp;\u201csobre Mojacar y las personalidades que vivieron ah\u00ed desde finales de los 60, artistas, intelectuales, el torero Antonio Bienvenida, buenos amigos personales nuestros&nbsp;<\/strong>y en la preciosa foto que publicaste de los Bonet aparece a la derecha mi padre, Rudolf H\u00e4ler, un artista internacional considerado como uno de los precursores del Hiperrealismo, el g\u00e9nero de pintura y escultura que se asemeja a la fotograf\u00eda, junto con Ralph Going o Richard Estes. Y quien realiz\u00f3 importantes trabajos y obras durante todo ese periodo en Almer\u00eda, entre ellas un mural que le encarg\u00f3 Roberto Puig (arquitecto del Hotel Moj\u00e1car) que ide\u00f3 mi padre y realiz\u00f3 con restos de materiales naturales y&nbsp;<strong>con un trozo de ala aut\u00e9ntica del avi\u00f3n de Palomares<\/strong>, que cogieron con sus propias manos. Mural que estuvo en el antiguo Hotel Mojacar. Hay un gran desconocimiento sobre esta autor\u00eda, pues encontr\u00e9 una imagen del mural en un libro en el que pone que es un mural de Roberto\u201d. Este periodista, en etapa adolescente, contempl\u00f3 dicha obra, impresionante, porque en ese hotel trabaj\u00f3 como recepcionista mi hermano Andr\u00e9s y me permiti\u00f3 en algunas ocasiones dormir en el sof\u00e1, tras mis noches de fiesta juvenil en aquella Moj\u00e1car multicultural.<\/p><p>Rudolf H\u00e4ler (Interlaken, Berna, Suiza-San Cugat del Vall\u00e9s, 1999) vivi\u00f3 y trabaj\u00f3 a caballo entre pa\u00edses muy indiferentes, fue injustamente olvidado, seg\u00fan el documental de Enrique Ros emitido el 5 de abril de 2002&nbsp;<strong>en la serie Imprescindibles de La 2 de TVE.<\/strong>&nbsp;Su pintura, cuya precisi\u00f3n recuerda la de los maestros flamencos, se ocupa especialmente de los temas urbanos y los paisajes.&nbsp;<strong>Su obra fue objeto de varias exposiciones en Espa\u00f1a<\/strong>, especialmente en la capital catalana, sobre todo las del palacio de la Virreina en 1982, en la capilla de Santa \u00c1gueda (1989) y expuso en el Palau G\u00fcell, seg\u00fan la informaci\u00f3n de Lu\u00eds V\u00e1zquez para El Pa\u00eds. Anteriormente,&nbsp;<strong>vivi\u00f3 en Cuba durante el periodo 1957-1969.<\/strong>&nbsp;Particip\u00f3 en la transformaci\u00f3n del artesanado en toda una industria nacional y hasta lleg\u00f3 a ocupar el puesto de director nacional del Artesanado, dependiente del Gobierno castrista. Se familiariz\u00f3 con la pintura mural en M\u00e9xico, al lado de David Alfaro Siqueiros. Y en sus comienzos&nbsp;<strong>efectu\u00f3 muchos viajes de estudio a Holanda, B\u00e9lgica, Francia y Gran Breta\u00f1a<\/strong>, antes de instalarse durante un cierto tiempo en el desierto argelino.<\/p><p>Al margen de querer unir arqueolog\u00eda y m\u00fasica en el Levante almeriense con su pr\u00f3ximo concierto en el escenario natural de El Argar,&nbsp;<strong>Ana H\u00e4sler Soler ultima sus pr\u00f3ximos conciertos<\/strong>. \u201cEstoy ilusionada intervenir en el recital Mis ra\u00edces, un viaje a la luz, previsto para el mes de noviembre en C\u00e1diz\u201d. La mezzosoprano tiene tres hermanos ligados a la cultura.<\/p>","protected":false},"excerpt":{"rendered":"<p>El padre de la mezzosoprano es el pintor hiperrealista suizo Rudolf H\u00e4sler que residi\u00f3 en Moj\u00e1car y Carboneras.&nbsp;\u201cEs un viaje de ida y vuelta porque mi abuelo materno, Bartolom\u00e9 Soler Mart\u00ednez, ingeniero de caminos, fue alcalde de Antas, antes y despu\u00e9s de la Guerra Civil\u201d.&nbsp;Con H\u00e4sler Soler me cit\u00e9 en una tarde agradable en Era [&hellip;]<\/p>\n","protected":false},"author":1,"featured_media":2871,"comment_status":"open","ping_status":"open","sticky":false,"template":"","format":"standard","meta":{"footnotes":""},"categories":[32],"tags":[],"class_list":["post-2870","post","type-post","status-publish","format-standard","has-post-thumbnail","hentry","category-noticias"],"_links":{"self":[{"href":"https:\/\/elargarmusical.com\/index.php?rest_route=\/wp\/v2\/posts\/2870","targetHints":{"allow":["GET"]}}],"collection":[{"href":"https:\/\/elargarmusical.com\/index.php?rest_route=\/wp\/v2\/posts"}],"about":[{"href":"https:\/\/elargarmusical.com\/index.php?rest_route=\/wp\/v2\/types\/post"}],"author":[{"embeddable":true,"href":"https:\/\/elargarmusical.com\/index.php?rest_route=\/wp\/v2\/users\/1"}],"replies":[{"embeddable":true,"href":"https:\/\/elargarmusical.com\/index.php?rest_route=%2Fwp%2Fv2%2Fcomments&post=2870"}],"version-history":[{"count":0,"href":"https:\/\/elargarmusical.com\/index.php?rest_route=\/wp\/v2\/posts\/2870\/revisions"}],"wp:featuredmedia":[{"embeddable":true,"href":"https:\/\/elargarmusical.com\/index.php?rest_route=\/wp\/v2\/media\/2871"}],"wp:attachment":[{"href":"https:\/\/elargarmusical.com\/index.php?rest_route=%2Fwp%2Fv2%2Fmedia&parent=2870"}],"wp:term":[{"taxonomy":"category","embeddable":true,"href":"https:\/\/elargarmusical.com\/index.php?rest_route=%2Fwp%2Fv2%2Fcategories&post=2870"},{"taxonomy":"post_tag","embeddable":true,"href":"https:\/\/elargarmusical.com\/index.php?rest_route=%2Fwp%2Fv2%2Ftags&post=2870"}],"curies":[{"name":"wp","href":"https:\/\/api.w.org\/{rel}","templated":true}]}}