{"id":3079,"date":"2021-11-04T14:21:00","date_gmt":"2021-11-04T14:21:00","guid":{"rendered":"http:\/\/elargarmusical.com\/?p=3079"},"modified":"2022-06-22T14:29:57","modified_gmt":"2022-06-22T14:29:57","slug":"el-argar-de-antas-un-tesoro-a-cielo-abierto","status":"publish","type":"post","link":"https:\/\/elargarmusical.com\/?p=3079","title":{"rendered":"El Argar de Antas, un tesoro a cielo abierto"},"content":{"rendered":"<blockquote class=\"wp-block-quote is-layout-flow wp-block-quote-is-layout-flow\" style=\"font-style:italic;font-weight:500\"><p><strong>El Retrovisor, Antonio Torres<\/strong><\/p><\/blockquote><p>Si el investigador Jos\u00e9 C. Mart\u00edn de la Cruz sigue ilusionado en aportar conocimiento cient\u00edfico para que Antas se convierta en punto de encuentro de la agenda cultural,&nbsp;<strong>la mezzosoprano Ana H\u00e4sler Soler tiene claro que su sue\u00f1o tiene prioridad tambi\u00e9n sobre el yacimiento arqueol\u00f3gico El Argar,<\/strong>&nbsp;sobre el r\u00edo Antas. Ya se est\u00e1 quitando compromisos para la primavera con tal de inaugurar con su esperado concierto el aplazado simposio internacional. El sue\u00f1o de H\u00e4sler para unir arqueolog\u00eda y m\u00fasica es su proyecto \u201cFestival de M\u00fasica Cl\u00e1sica El Argar Musical\u201d que abarca todo el sureste peninsular, buscando patrocinio y que en las pr\u00f3ximas semanas tendr\u00e1 noticias que ofrecer. Su casa familiar de Antas fue construida por su abuelo con piedras de El Argar. \u201cEl d\u00eda que puede cantar en Antas ser\u00e1 muy especial, tal como expliqu\u00e9 en mi reciente recital en la provincia de C\u00e1diz bajo el ep\u00edgrafe Mis ra\u00edces, un viaje a la luz\u201d.&nbsp;<strong>La mezzosoprano tiene tres hermanos ligados a la cultura.&nbsp;<\/strong>&nbsp;Su bisabuelo, Juan Soler De Haro, fue alcalde de Antas en dos ocasiones, antes de la guerra civil y luego hasta su jubilaci\u00f3n.&nbsp; \u201cPor eso, te digo que mi presencia en este acto, est\u00e1 repleto de simbolismo ya que por primera vez cantar\u00e9 en el pueblo de mis or\u00edgenes familiares. E<strong>n Antas naci\u00f3 mi abuelo materno, Bartolom\u00e9 Soler Mart\u00ednez y Antas fue mi primer hogar a la edad de tres a\u00f1os cuando llegu\u00e9 de Cuba<\/strong>&nbsp;junto a mis padres y hermanos. Mi abuelo era amante de la m\u00fasica cl\u00e1sica y de la zarzuela. El me dio a escuchar de ni\u00f1a por primera vez a Placido Domingo cantando romanzas de zarzuela cuando \u00edbamos a visitarlo a Almer\u00eda y guardo todas esas cintas de casete todav\u00eda como oro en pa\u00f1o. No me canso de decirte que adoro Antas y lo que se pretende hacer, relevante para la historia y el futuro de nuestro yacimiento de El Argar\u201d. Su abuelo Bartolom\u00e9 hizo las Am\u00e9ricas tras licenciarse como ingeniero de caminos y puentes en Andaluc\u00eda y recal\u00f3 en Cuba, \u201cdonde se cas\u00f3 con mi abuela Rosalina Sarlabous Mesa, cubana de origen franc\u00e9s y canario, catedr\u00e1tica de matem\u00e1ticas y directora del Colegio Nr. 1 de Santiago de Cuba. Me siento orgullosa mi familia tan internacional y viajera\u201d.<\/p><div class=\"wp-block-image\"><figure class=\"aligncenter\"><img decoding=\"async\" src=\"https:\/\/lh3.googleusercontent.com\/PuSREWyMV_fIjPHlUqsvVEtbNFWmTJal58t4PwOLxjCPuQU-X405MdvfilDwIdZiF41ePQvhEeQRUSLrFNxTea_5BRN9RJdlRTC0n9JKWqEFLp4=w640-e365\" alt=\"Ana H\u00e4sler Soler durante su concierto en noviembre en El Puerto de Santa Mar\u00eda. Foto Jes\u00fas Heredia\"\/><figcaption>Ana H\u00e4sler Soler durante su concierto en noviembre en El Puerto de Santa Mar\u00eda. Foto Jes\u00fas Heredia<\/figcaption><\/figure><\/div><p>La artista, nacida en La Habana, reside actualmente en San Cugat del Vall\u00e9s (Barcelona), la ciudad donde falleci\u00f3 su padre, prestigioso artista reconocido en todo el mundo,<strong>\u00a0vinculado con Almer\u00eda y los Indalianos. Rudolfo H\u00e4sler\u00a0<\/strong>(Berna,1927-San Cugat del Vall\u00e9s, 1999) disfrut\u00f3 de los a\u00f1os de Moj\u00e1car en los que la intelectualidad internacional se dio cita. \u201cDurante dos veranos no solo pude observar como Rudolf H\u00e4ler elaboraba sus cuadros, sino que tambi\u00e9n pude, durante muchas horas, conversar acerca del arte y en especial sobre el realismo en la pintura. Su esp\u00edritu docente, que hab\u00eda sido profesor en su juventud en Suiza, nunca le abandon\u00f3\u201d, escribi\u00f3 el a\u00f1orado catedr\u00e1tico e historiador del arte espa\u00f1ol, Antonio Bonet Correa, Doctor Honoris Causa por numerosas universidades, un asiduo de Moj\u00e1car y Carboneras como su hijo, en un art\u00edculo titulado Pintura y etopeya de Rodolfo H\u00e4sler. A ambos los pude conocer por las jornadas internacionales de Arte que organiz\u00f3 Bartolom\u00e9 flores en sus tiempos de alcalde mojaquero.<\/p><blockquote class=\"wp-block-quote is-style-default is-layout-flow wp-block-quote-is-layout-flow\"><p><br>Fuente: <a href=\"https:\/\/www.lavozdealmeria.com\/noticia\/3\/provincia\/227097\/el-retrovisor-el-argar-de-antas-un-tesoro-a-cielo-abierto\" target=\"_blank\" rel=\"noreferrer noopener\">https:\/\/www.lavozdealmeria.com\/noticia\/3\/provincia\/227097\/el-retrovisor-el-argar-de-antas-un-tesoro-a-cielo-abierto<\/a><\/p><\/blockquote>","protected":false},"excerpt":{"rendered":"<p>El Retrovisor, Antonio Torres Si el investigador Jos\u00e9 C. Mart\u00edn de la Cruz sigue ilusionado en aportar conocimiento cient\u00edfico para que Antas se convierta en punto de encuentro de la agenda cultural,&nbsp;la mezzosoprano Ana H\u00e4sler Soler tiene claro que su sue\u00f1o tiene prioridad tambi\u00e9n sobre el yacimiento arqueol\u00f3gico El Argar,&nbsp;sobre el r\u00edo Antas. Ya se [&hellip;]<\/p>\n","protected":false},"author":1,"featured_media":3080,"comment_status":"open","ping_status":"open","sticky":false,"template":"","format":"standard","meta":{"footnotes":""},"categories":[32],"tags":[],"class_list":["post-3079","post","type-post","status-publish","format-standard","has-post-thumbnail","hentry","category-noticias"],"_links":{"self":[{"href":"https:\/\/elargarmusical.com\/index.php?rest_route=\/wp\/v2\/posts\/3079","targetHints":{"allow":["GET"]}}],"collection":[{"href":"https:\/\/elargarmusical.com\/index.php?rest_route=\/wp\/v2\/posts"}],"about":[{"href":"https:\/\/elargarmusical.com\/index.php?rest_route=\/wp\/v2\/types\/post"}],"author":[{"embeddable":true,"href":"https:\/\/elargarmusical.com\/index.php?rest_route=\/wp\/v2\/users\/1"}],"replies":[{"embeddable":true,"href":"https:\/\/elargarmusical.com\/index.php?rest_route=%2Fwp%2Fv2%2Fcomments&post=3079"}],"version-history":[{"count":0,"href":"https:\/\/elargarmusical.com\/index.php?rest_route=\/wp\/v2\/posts\/3079\/revisions"}],"wp:featuredmedia":[{"embeddable":true,"href":"https:\/\/elargarmusical.com\/index.php?rest_route=\/wp\/v2\/media\/3080"}],"wp:attachment":[{"href":"https:\/\/elargarmusical.com\/index.php?rest_route=%2Fwp%2Fv2%2Fmedia&parent=3079"}],"wp:term":[{"taxonomy":"category","embeddable":true,"href":"https:\/\/elargarmusical.com\/index.php?rest_route=%2Fwp%2Fv2%2Fcategories&post=3079"},{"taxonomy":"post_tag","embeddable":true,"href":"https:\/\/elargarmusical.com\/index.php?rest_route=%2Fwp%2Fv2%2Ftags&post=3079"}],"curies":[{"name":"wp","href":"https:\/\/api.w.org\/{rel}","templated":true}]}}