{"id":3260,"date":"2022-07-08T18:18:44","date_gmt":"2022-07-08T18:18:44","guid":{"rendered":"http:\/\/elargarmusical.com\/?p=3260"},"modified":"2022-07-08T18:29:34","modified_gmt":"2022-07-08T18:29:34","slug":"barnafotopress","status":"publish","type":"post","link":"https:\/\/elargarmusical.com\/?p=3260","title":{"rendered":"Barnafotopress"},"content":{"rendered":"<p>El pr\u00f3ximo 26 de julio se inaugura EL ARGAR MUSICAL, primer festival de m\u00fasica cl\u00e1sica para las rutas arg\u00e1ricas&#8230;lee toda la noticia:  <a href=\"https:\/\/barnafotopress.com\/2022\/07\/07\/el-proximo-26-de-julio-se-inaugura-el-argar-musical-primer-festival-de-musica-clasica-para-las-rutas-argaricas\/\">https:\/\/barnafotopress.com\/2022\/07\/07\/el-proximo-26-de-julio-se-inaugura-el-argar-musical-primer-festival-de-musica-clasica-para-las-rutas-argaricas\/<\/a><\/p><p><\/p><blockquote class=\"wp-block-quote is-layout-flow wp-block-quote-is-layout-flow\"><p><strong>\u00abCon este proyecto cristaliza uno de mis proyectos m\u00e1s deseados\u00bb<\/strong> &#8211; Ana H\u00e4sler<\/p><\/blockquote><div class=\"wp-block-group\"><div class=\"wp-block-group__inner-container is-layout-flow wp-block-group-is-layout-flow\"><div class=\"wp-block-columns is-layout-flex wp-container-core-columns-is-layout-9d6595d7 wp-block-columns-is-layout-flex\"><div class=\"wp-block-column is-layout-flow wp-block-column-is-layout-flow\" style=\"flex-basis:100%\"><p><\/p><\/div><\/div><\/div><\/div>","protected":false},"excerpt":{"rendered":"<p>El pr\u00f3ximo 26 de julio se inaugura EL ARGAR MUSICAL, primer festival de m\u00fasica cl\u00e1sica para las rutas arg\u00e1ricas&#8230;lee toda la noticia: https:\/\/barnafotopress.com\/2022\/07\/07\/el-proximo-26-de-julio-se-inaugura-el-argar-musical-primer-festival-de-musica-clasica-para-las-rutas-argaricas\/ \u00abCon este proyecto cristaliza uno de mis proyectos m\u00e1s deseados\u00bb &#8211; Ana H\u00e4sler<\/p>\n","protected":false},"author":2,"featured_media":3176,"comment_status":"open","ping_status":"open","sticky":false,"template":"","format":"standard","meta":{"footnotes":""},"categories":[32],"tags":[],"class_list":["post-3260","post","type-post","status-publish","format-standard","has-post-thumbnail","hentry","category-noticias"],"_links":{"self":[{"href":"https:\/\/elargarmusical.com\/index.php?rest_route=\/wp\/v2\/posts\/3260","targetHints":{"allow":["GET"]}}],"collection":[{"href":"https:\/\/elargarmusical.com\/index.php?rest_route=\/wp\/v2\/posts"}],"about":[{"href":"https:\/\/elargarmusical.com\/index.php?rest_route=\/wp\/v2\/types\/post"}],"author":[{"embeddable":true,"href":"https:\/\/elargarmusical.com\/index.php?rest_route=\/wp\/v2\/users\/2"}],"replies":[{"embeddable":true,"href":"https:\/\/elargarmusical.com\/index.php?rest_route=%2Fwp%2Fv2%2Fcomments&post=3260"}],"version-history":[{"count":0,"href":"https:\/\/elargarmusical.com\/index.php?rest_route=\/wp\/v2\/posts\/3260\/revisions"}],"wp:featuredmedia":[{"embeddable":true,"href":"https:\/\/elargarmusical.com\/index.php?rest_route=\/wp\/v2\/media\/3176"}],"wp:attachment":[{"href":"https:\/\/elargarmusical.com\/index.php?rest_route=%2Fwp%2Fv2%2Fmedia&parent=3260"}],"wp:term":[{"taxonomy":"category","embeddable":true,"href":"https:\/\/elargarmusical.com\/index.php?rest_route=%2Fwp%2Fv2%2Fcategories&post=3260"},{"taxonomy":"post_tag","embeddable":true,"href":"https:\/\/elargarmusical.com\/index.php?rest_route=%2Fwp%2Fv2%2Ftags&post=3260"}],"curies":[{"name":"wp","href":"https:\/\/api.w.org\/{rel}","templated":true}]}}