{"id":3268,"date":"2022-07-08T19:02:55","date_gmt":"2022-07-08T19:02:55","guid":{"rendered":"http:\/\/elargarmusical.com\/?p=3268"},"modified":"2022-07-09T16:59:47","modified_gmt":"2022-07-09T16:59:47","slug":"es-radio-almeria","status":"publish","type":"post","link":"https:\/\/elargarmusical.com\/?p=3268","title":{"rendered":"ES Radio Almer\u00eda"},"content":{"rendered":"<p>Ana H\u00e4sler habla para Radio Almer\u00eda con motivo del estreno de EL ARGAR MUSICAL y el I Curso de T\u00e9cnica e Interpretaci\u00f3n para Cantantes L\u00edricos, que la cantante impartir\u00e1 en Antas y en Moj\u00e1car del 26 al 31 de julio&#8230;<\/p><p>Escucha la entrevista: <br><a href=\"https:\/\/www.esradioalmeria.com\/2022\/07\/08\/descubriendo-almeria-08-07-22\/\" target=\"_blank\" rel=\"noreferrer noopener\">https:\/\/www.esradioalmeria.com\/2022\/07\/08\/descubriendo-almeria-08-07-22\/<\/a><\/p>","protected":false},"excerpt":{"rendered":"<p>Ana H\u00e4sler habla para Radio Almer\u00eda con motivo del estreno de EL ARGAR MUSICAL y el I Curso de T\u00e9cnica e Interpretaci\u00f3n para Cantantes L\u00edricos, que la cantante impartir\u00e1 en Antas y en Moj\u00e1car del 26 al 31 de julio&#8230; Escucha la entrevista: https:\/\/www.esradioalmeria.com\/2022\/07\/08\/descubriendo-almeria-08-07-22\/<\/p>\n","protected":false},"author":2,"featured_media":3269,"comment_status":"open","ping_status":"open","sticky":false,"template":"","format":"standard","meta":{"footnotes":""},"categories":[33],"tags":[],"class_list":["post-3268","post","type-post","status-publish","format-standard","has-post-thumbnail","hentry","category-entrevistas"],"_links":{"self":[{"href":"https:\/\/elargarmusical.com\/index.php?rest_route=\/wp\/v2\/posts\/3268","targetHints":{"allow":["GET"]}}],"collection":[{"href":"https:\/\/elargarmusical.com\/index.php?rest_route=\/wp\/v2\/posts"}],"about":[{"href":"https:\/\/elargarmusical.com\/index.php?rest_route=\/wp\/v2\/types\/post"}],"author":[{"embeddable":true,"href":"https:\/\/elargarmusical.com\/index.php?rest_route=\/wp\/v2\/users\/2"}],"replies":[{"embeddable":true,"href":"https:\/\/elargarmusical.com\/index.php?rest_route=%2Fwp%2Fv2%2Fcomments&post=3268"}],"version-history":[{"count":0,"href":"https:\/\/elargarmusical.com\/index.php?rest_route=\/wp\/v2\/posts\/3268\/revisions"}],"wp:featuredmedia":[{"embeddable":true,"href":"https:\/\/elargarmusical.com\/index.php?rest_route=\/wp\/v2\/media\/3269"}],"wp:attachment":[{"href":"https:\/\/elargarmusical.com\/index.php?rest_route=%2Fwp%2Fv2%2Fmedia&parent=3268"}],"wp:term":[{"taxonomy":"category","embeddable":true,"href":"https:\/\/elargarmusical.com\/index.php?rest_route=%2Fwp%2Fv2%2Fcategories&post=3268"},{"taxonomy":"post_tag","embeddable":true,"href":"https:\/\/elargarmusical.com\/index.php?rest_route=%2Fwp%2Fv2%2Ftags&post=3268"}],"curies":[{"name":"wp","href":"https:\/\/api.w.org\/{rel}","templated":true}]}}