{"id":3305,"date":"2022-07-13T08:41:00","date_gmt":"2022-07-13T08:41:00","guid":{"rendered":"http:\/\/elargarmusical.com\/?p=3305"},"modified":"2022-07-21T08:50:16","modified_gmt":"2022-07-21T08:50:16","slug":"la-voz-de-almeria-antas-inaugura-el-primer-festival-de-musica-clasica-para-las-rutas-argaricas","status":"publish","type":"post","link":"https:\/\/elargarmusical.com\/?p=3305","title":{"rendered":"La Voz de Almer\u00eda: Antas inaugur\u00e1 el primer festival de m\u00fasica cl\u00e1sica para las rutas arg\u00e1ricas"},"content":{"rendered":"<p>La actuaci\u00f3n de la mezzosoprano<strong>\u00a0Ana H\u00e4sler\u00a0<\/strong>abrir\u00e1 el pr\u00f3ximo 26 de julio a las nueve y media de la noche, la primera edici\u00f3n de El Argar Musical, el primer Festival de M\u00fasica Cl\u00e1sica para las Rutas Arg\u00e1ricas.<\/p><p><strong>Enlace:<\/strong> <a href=\"https:\/\/www.lavozdealmeria.com\/noticia\/3\/provincia\/241077\/antas-inaugura-el-primer-festival-de-musica-clasica-para-las-rutas-argarias\" target=\"_blank\" rel=\"noreferrer noopener\">https:\/\/www.lavozdealmeria.com\/noticia\/3\/provincia\/241077\/antas-inaugura-el-primer-festival-de-musica-clasica-para-las-rutas-argarias<\/a><\/p>","protected":false},"excerpt":{"rendered":"<p>La actuaci\u00f3n de la mezzosoprano\u00a0Ana H\u00e4sler\u00a0abrir\u00e1 el pr\u00f3ximo 26 de julio a las nueve y media de la noche, la primera edici\u00f3n de El Argar Musical, el primer Festival de M\u00fasica Cl\u00e1sica para las Rutas Arg\u00e1ricas. Enlace: https:\/\/www.lavozdealmeria.com\/noticia\/3\/provincia\/241077\/antas-inaugura-el-primer-festival-de-musica-clasica-para-las-rutas-argarias<\/p>\n","protected":false},"author":1,"featured_media":3306,"comment_status":"open","ping_status":"open","sticky":false,"template":"","format":"standard","meta":{"footnotes":""},"categories":[32],"tags":[],"class_list":["post-3305","post","type-post","status-publish","format-standard","has-post-thumbnail","hentry","category-noticias"],"_links":{"self":[{"href":"https:\/\/elargarmusical.com\/index.php?rest_route=\/wp\/v2\/posts\/3305","targetHints":{"allow":["GET"]}}],"collection":[{"href":"https:\/\/elargarmusical.com\/index.php?rest_route=\/wp\/v2\/posts"}],"about":[{"href":"https:\/\/elargarmusical.com\/index.php?rest_route=\/wp\/v2\/types\/post"}],"author":[{"embeddable":true,"href":"https:\/\/elargarmusical.com\/index.php?rest_route=\/wp\/v2\/users\/1"}],"replies":[{"embeddable":true,"href":"https:\/\/elargarmusical.com\/index.php?rest_route=%2Fwp%2Fv2%2Fcomments&post=3305"}],"version-history":[{"count":0,"href":"https:\/\/elargarmusical.com\/index.php?rest_route=\/wp\/v2\/posts\/3305\/revisions"}],"wp:featuredmedia":[{"embeddable":true,"href":"https:\/\/elargarmusical.com\/index.php?rest_route=\/wp\/v2\/media\/3306"}],"wp:attachment":[{"href":"https:\/\/elargarmusical.com\/index.php?rest_route=%2Fwp%2Fv2%2Fmedia&parent=3305"}],"wp:term":[{"taxonomy":"category","embeddable":true,"href":"https:\/\/elargarmusical.com\/index.php?rest_route=%2Fwp%2Fv2%2Fcategories&post=3305"},{"taxonomy":"post_tag","embeddable":true,"href":"https:\/\/elargarmusical.com\/index.php?rest_route=%2Fwp%2Fv2%2Ftags&post=3305"}],"curies":[{"name":"wp","href":"https:\/\/api.w.org\/{rel}","templated":true}]}}