{"id":3315,"date":"2022-07-17T08:50:00","date_gmt":"2022-07-17T08:50:00","guid":{"rendered":"http:\/\/elargarmusical.com\/?p=3315"},"modified":"2022-07-21T08:58:56","modified_gmt":"2022-07-21T08:58:56","slug":"el-diario-de-almeria","status":"publish","type":"post","link":"https:\/\/elargarmusical.com\/?p=3315","title":{"rendered":"El Diario de Almer\u00eda"},"content":{"rendered":"<p>Fundadora y directora de este novedoso proyecto, Ana H\u00e4sler es una de las voces l\u00edricas espa\u00f1olas m\u00e1s internacionales, pertenece a una renombrada saga de artistas de origen multicultural con ra\u00edces en Antas y el estreno del festival significa para ella la culminaci\u00f3n de un sue\u00f1o que se lleva fraguando desde hace a\u00f1os.<\/p><p>\u201cMi abuelo se fue de Antas a Cuba y esto es un viaje de ida y vuelta. Cuando llegu\u00e9 del Caribe a Espa\u00f1a a la edad de tres a\u00f1os con mi familia, la casa familiar de Antas fue nuestro primer hogar y, tras dos o tres meses en el pueblo, residimos un a\u00f1o en Moj\u00e1car. Tras llevar mi carrera como cantante por todo el mundo, es una alegr\u00eda enorme poder traer mi experiencia al lugar de mi infancia y mis ra\u00edces culturales\u201d, comenta H\u00e4sler.<br><strong>Enlace:<\/strong> <a href=\"https:\/\/www.diariodealmeria.es\/ocio\/Festival-Musica-Clasica-Rutas-Argaricas_0_1702630466.html\" target=\"_blank\" rel=\"noreferrer noopener\">El 26 de julio se inaugura el primer Festival de M\u00fasica Cl\u00e1sica para las Rutas Arg\u00e1ricas<\/a><\/p>","protected":false},"excerpt":{"rendered":"<p>Fundadora y directora de este novedoso proyecto, Ana H\u00e4sler es una de las voces l\u00edricas espa\u00f1olas m\u00e1s internacionales, pertenece a una renombrada saga de artistas de origen multicultural con ra\u00edces en Antas y el estreno del festival significa para ella la culminaci\u00f3n de un sue\u00f1o que se lleva fraguando desde hace a\u00f1os. \u201cMi abuelo se [&hellip;]<\/p>\n","protected":false},"author":1,"featured_media":3316,"comment_status":"open","ping_status":"open","sticky":false,"template":"","format":"standard","meta":{"footnotes":""},"categories":[32],"tags":[],"class_list":["post-3315","post","type-post","status-publish","format-standard","has-post-thumbnail","hentry","category-noticias"],"_links":{"self":[{"href":"https:\/\/elargarmusical.com\/index.php?rest_route=\/wp\/v2\/posts\/3315","targetHints":{"allow":["GET"]}}],"collection":[{"href":"https:\/\/elargarmusical.com\/index.php?rest_route=\/wp\/v2\/posts"}],"about":[{"href":"https:\/\/elargarmusical.com\/index.php?rest_route=\/wp\/v2\/types\/post"}],"author":[{"embeddable":true,"href":"https:\/\/elargarmusical.com\/index.php?rest_route=\/wp\/v2\/users\/1"}],"replies":[{"embeddable":true,"href":"https:\/\/elargarmusical.com\/index.php?rest_route=%2Fwp%2Fv2%2Fcomments&post=3315"}],"version-history":[{"count":0,"href":"https:\/\/elargarmusical.com\/index.php?rest_route=\/wp\/v2\/posts\/3315\/revisions"}],"wp:featuredmedia":[{"embeddable":true,"href":"https:\/\/elargarmusical.com\/index.php?rest_route=\/wp\/v2\/media\/3316"}],"wp:attachment":[{"href":"https:\/\/elargarmusical.com\/index.php?rest_route=%2Fwp%2Fv2%2Fmedia&parent=3315"}],"wp:term":[{"taxonomy":"category","embeddable":true,"href":"https:\/\/elargarmusical.com\/index.php?rest_route=%2Fwp%2Fv2%2Fcategories&post=3315"},{"taxonomy":"post_tag","embeddable":true,"href":"https:\/\/elargarmusical.com\/index.php?rest_route=%2Fwp%2Fv2%2Ftags&post=3315"}],"curies":[{"name":"wp","href":"https:\/\/api.w.org\/{rel}","templated":true}]}}