{"id":4289,"date":"2023-07-16T14:17:47","date_gmt":"2023-07-16T14:17:47","guid":{"rendered":"http:\/\/elargarmusical.com\/?p=4289"},"modified":"2023-07-16T14:24:32","modified_gmt":"2023-07-16T14:24:32","slug":"el-diario-de-almeria-a-un-mes-de-la-segunda-edicion-del-festival","status":"publish","type":"post","link":"https:\/\/elargarmusical.com\/?p=4289","title":{"rendered":"El Diario de Almer\u00eda, a un mes de la segunda edici\u00f3n del festival"},"content":{"rendered":"<p>El evento, que dirige Ana H\u00e4sler, presenta del 15 al 20 de agosto en Antas una programaci\u00f3n \u00fanica y el II M\u00e1ster de Canto L\u00edrico<\/p><figure class=\"wp-block-gallery has-nested-images columns-default is-cropped wp-block-gallery-1 is-layout-flex wp-block-gallery-is-layout-flex\"><figure class=\"wp-block-image size-large\"><img fetchpriority=\"high\" decoding=\"async\" width=\"768\" height=\"1024\" data-id=\"4293\" src=\"https:\/\/elargarmusical.com\/wp-content\/uploads\/2023\/07\/WhatsApp-Image-2023-07-16-at-15.05.27.jpeg\" alt=\"\" class=\"wp-image-4293\" srcset=\"https:\/\/elargarmusical.com\/wp-content\/uploads\/2023\/07\/WhatsApp-Image-2023-07-16-at-15.05.27.jpeg 768w, https:\/\/elargarmusical.com\/wp-content\/uploads\/2023\/07\/WhatsApp-Image-2023-07-16-at-15.05.27-225x300.jpeg 225w, https:\/\/elargarmusical.com\/wp-content\/uploads\/2023\/07\/WhatsApp-Image-2023-07-16-at-15.05.27-600x800.jpeg 600w\" sizes=\"(max-width: 768px) 100vw, 768px\" \/><\/figure>\n\n<figure class=\"wp-block-image size-large\"><img decoding=\"async\" width=\"804\" height=\"1024\" data-id=\"4294\" src=\"https:\/\/elargarmusical.com\/wp-content\/uploads\/2023\/07\/WhatsApp-Image-2023-07-16-at-15.04.15-1.jpeg\" alt=\"\" class=\"wp-image-4294\" srcset=\"https:\/\/elargarmusical.com\/wp-content\/uploads\/2023\/07\/WhatsApp-Image-2023-07-16-at-15.04.15-1.jpeg 804w, https:\/\/elargarmusical.com\/wp-content\/uploads\/2023\/07\/WhatsApp-Image-2023-07-16-at-15.04.15-1-236x300.jpeg 236w, https:\/\/elargarmusical.com\/wp-content\/uploads\/2023\/07\/WhatsApp-Image-2023-07-16-at-15.04.15-1-768x978.jpeg 768w, https:\/\/elargarmusical.com\/wp-content\/uploads\/2023\/07\/WhatsApp-Image-2023-07-16-at-15.04.15-1-600x764.jpeg 600w\" sizes=\"(max-width: 804px) 100vw, 804px\" \/><\/figure><\/figure><p>El Festival para las Rutas Arg\u00e1ricas&nbsp;<em>El Argar Musical&nbsp;<\/em>se prepara para deleitar a los asistentes con una programaci\u00f3n variada y excepcional que combina m\u00fasica, cine y turismo. Durante los seis d\u00edas del festival, Antas se llenar\u00e1 de la mejor m\u00fasica, mientras se explora la riqueza hist\u00f3rica de la Cultura arg\u00e1rica.<\/p><p>Durante los eventos del jueves 17, viernes 18, s\u00e1bado 19 y domingo 20 de agosto, los escenarios del municipio almeriense, especialmente dise\u00f1ados para la ocasi\u00f3n, ofrecer\u00e1n una experiencia musical inolvidable.<\/p><blockquote class=\"wp-block-quote is-layout-flow wp-block-quote-is-layout-flow\"><p>Fuente El Diario de Almer\u00eda<\/p><cite><a href=\"https:\/\/www.diariodealmeria.es\/ocio\/Festival-Argar-Musical-reunira-grandes_0_1811519607.html\" target=\"_blank\" rel=\"noreferrer noopener\">Acceder a la publicaci\u00f3n completa<\/a><\/cite><\/blockquote>","protected":false},"excerpt":{"rendered":"<p>El evento, que dirige Ana H\u00e4sler, presenta del 15 al 20 de agosto en Antas una programaci\u00f3n \u00fanica y el II M\u00e1ster de Canto L\u00edrico El Festival para las Rutas Arg\u00e1ricas&nbsp;El Argar Musical&nbsp;se prepara para deleitar a los asistentes con una programaci\u00f3n variada y excepcional que combina m\u00fasica, cine y turismo. Durante los seis d\u00edas [&hellip;]<\/p>\n","protected":false},"author":1,"featured_media":4290,"comment_status":"open","ping_status":"open","sticky":false,"template":"","format":"standard","meta":{"footnotes":""},"categories":[32],"tags":[],"class_list":["post-4289","post","type-post","status-publish","format-standard","has-post-thumbnail","hentry","category-noticias"],"_links":{"self":[{"href":"https:\/\/elargarmusical.com\/index.php?rest_route=\/wp\/v2\/posts\/4289","targetHints":{"allow":["GET"]}}],"collection":[{"href":"https:\/\/elargarmusical.com\/index.php?rest_route=\/wp\/v2\/posts"}],"about":[{"href":"https:\/\/elargarmusical.com\/index.php?rest_route=\/wp\/v2\/types\/post"}],"author":[{"embeddable":true,"href":"https:\/\/elargarmusical.com\/index.php?rest_route=\/wp\/v2\/users\/1"}],"replies":[{"embeddable":true,"href":"https:\/\/elargarmusical.com\/index.php?rest_route=%2Fwp%2Fv2%2Fcomments&post=4289"}],"version-history":[{"count":0,"href":"https:\/\/elargarmusical.com\/index.php?rest_route=\/wp\/v2\/posts\/4289\/revisions"}],"wp:featuredmedia":[{"embeddable":true,"href":"https:\/\/elargarmusical.com\/index.php?rest_route=\/wp\/v2\/media\/4290"}],"wp:attachment":[{"href":"https:\/\/elargarmusical.com\/index.php?rest_route=%2Fwp%2Fv2%2Fmedia&parent=4289"}],"wp:term":[{"taxonomy":"category","embeddable":true,"href":"https:\/\/elargarmusical.com\/index.php?rest_route=%2Fwp%2Fv2%2Fcategories&post=4289"},{"taxonomy":"post_tag","embeddable":true,"href":"https:\/\/elargarmusical.com\/index.php?rest_route=%2Fwp%2Fv2%2Ftags&post=4289"}],"curies":[{"name":"wp","href":"https:\/\/api.w.org\/{rel}","templated":true}]}}