{"id":4312,"date":"2023-07-25T14:46:00","date_gmt":"2023-07-25T14:46:00","guid":{"rendered":"http:\/\/elargarmusical.com\/?p=4312"},"modified":"2023-08-09T18:10:38","modified_gmt":"2023-08-09T18:10:38","slug":"viajar-a-la-prehistoria-a-traves-de-la-musica-sera-posible-en-este-pueblo","status":"publish","type":"post","link":"https:\/\/elargarmusical.com\/?p=4312","title":{"rendered":"Viajar a la prehistoria a trav\u00e9s de la m\u00fasica ser\u00e1 posible en este pueblo"},"content":{"rendered":"<blockquote>\r\n<p><strong>\u201c<\/strong>El concierto inaugural del jueves 17 de agosto presentar\u00e1 una espectacular Gala L\u00edrica a los pies del yacimiento de El Argar\u00bb<\/p>\r\n<\/blockquote>\r\n<p><strong>11:01 \u2022 25 JUL. 2023<\/strong><\/p>\r\n<ul>\r\n<li><a href=\"https:\/\/www.lavozdealmeria.com\/noticia\/12\/almeria\/219344\/el-argar-musical-da-sus-primeros-pasos-en-antas\">El Argar musical da sus primeros pasos en Antas<\/a><\/li>\r\n<li><a href=\"https:\/\/www.lavozdealmeria.com\/noticia\/3\/provincia\/242127\/llevar-esa-indumentaria-y-cantar-en-el-argar-ha-sido-algo-magico\">\u201cLlevar esa indumentaria y cantar en El Argar ha sido algo m\u00e1gico\u201d<\/a><\/li>\r\n<\/ul>\r\n<p>&nbsp;<\/p>\r\n<p>Este agosto podr\u00e1s\u00a0<strong>sumergirte en la cultura arg\u00e1rica a trav\u00e9s de la m\u00fasica l\u00edrica<\/strong>,\u00a0<strong>del 15 al 20 de agosto\u00a0<\/strong>se celebrar\u00e1 el Festival para las Rutas Arg\u00e1ricas \u2018El Argar Musical\u2019, que celebra este 2023 su segunda edici\u00f3n, una cita que espera combinar, m\u00fasica, cine y turismo. Cursos formativos de canto, conciertos o visitas tur\u00edsticas musicales ser\u00e1n algunos de los reclamos de este festival antuso.<br \/><br \/>Seg\u00fan su directora, Ana H\u00e4sler, el Festival para las Rutas Arg\u00e1ricas\u00a0<strong>\u201cno solo trata de la m\u00fasica de alto calibre, sino tambi\u00e9n de una oportunidad para aprender y descubrir\u201d<\/strong>. El Argar Musical es un evento \u201cque no se pueden perder, ser\u00e1 una experiencia \u00fanica que combinar\u00e1 m\u00fasica de calidad y un viaje fascinante a trav\u00e9s de la cultura arg\u00e1rica\u201d, as\u00ed lo califica su creadora.<br \/><br \/>Formaci\u00f3n<br \/>El evento consistir\u00e1 en una primera fase del 15 al 18 de agosto donde se llevar\u00e1 a cabo una\u00a0<strong>jornada formativa<\/strong>\u00a0donde se impartir\u00e1 el II M\u00e1ster de T\u00e9cnica e Interpretaci\u00f3n de Canto L\u00edrico, por la mezzosoprano y directora del evento Ana H\u00e4sler.<br \/><br \/>El curso intensivo contar\u00e1 con el pianista, director de orquesta y compositor,<strong>\u00a0Miquel Ortega Pujol,<\/strong>\u00a0como maestro invitado. Una iniciativa para la promoci\u00f3n y el desarrollo de la L\u00edrica en la regi\u00f3n, que cuenta por primera vez<strong>\u00a0con el sufragio de la Junta de Andaluc\u00eda<\/strong>. H\u00e4sler confes\u00f3 que est\u00e1n \u00abemocionados de anunciar esta subvenci\u00f3n del Gobierno Andaluz, que hace posible que la iniciativa del Curso de Canto, que dio comienzo el a\u00f1o pasado, pueda prosperar en esta zona del Levante almeriense y fomentar la excelencia en la formaci\u00f3n de los j\u00f3venes cantantes andaluces\u201d.<br \/><br \/>Seg\u00fan explic\u00f3 la cantante, el apoyo de la Junta y del Ayuntamiento de Antas har\u00e1 posible el lanzamiento de una convocatoria de 10 Becas completas de Matr\u00edcula y Alojamiento, que publicar\u00e1n en estos d\u00edas. Para optar a estas becas los interesados deber\u00e1n enviar un video<a href=\"https:\/\/elargarmusical.com\/\" target=\"_blank\" rel=\"noreferrer noopener\">\u00a0atrav\u00e9s de la web\u00a0<\/a>del festival, las inscripciones estar\u00e1n abiertas hasta el 5 de agosto.<strong>\u00a0\u201cEl 10 de agosto publicaremos el resultado de los participantes\u201d<\/strong>, coment\u00f3 la mezzosoprano.<br \/><br \/>Conciertos<br \/>Por otro lado, desde el jueves 17 hasta el domingo 20 de agosto, se celebrar\u00e1n los\u00a0<a href=\"https:\/\/www.lavozdealmeria.com\/noticia\/3\/provincia\/242127\/llevar-esa-indumentaria-y-cantar-en-el-argar-ha-sido-algo-magico\" target=\"_blank\" rel=\"noreferrer noopener\">diferentes conciertos musicales\u00a0<\/a>donde los escenarios del municipio antuso, especialmente dise\u00f1ados para la ocasi\u00f3n, prometen ofrecer\u00a0<strong>una experiencia musical inolvidable<\/strong>.<br \/><br \/>El\u00a0<strong>concierto inaugural del jueves 17 de agosto<\/strong>\u00a0presentar\u00e1 una espectacular Gala L\u00edrica de \u00d3pera, Canci\u00f3n y Zarzuela a los pies del yacimiento de El Argar. Una jornada que contar\u00e1 con las voces privilegiadas del bar\u00edtono \u00c0ngel \u00d2dena, la soprano Montserrat Mart\u00ed Caball\u00e9, la mezzo Ana H\u00e4sler y el bar\u00edtono Luis Santana; el tenor de Vera Enrique Parra y la soprano cubana de\u00a0<strong>Holgu\u00edn Betsy Remedios, ganadora del programa de TVE \u2018Got Talent\u2019\u00a0<\/strong>en 2022.<br \/><br \/><strong>El viernes 18 de agosto<\/strong>, los amantes de la m\u00fasica tendr\u00e1n la oportunidad de disfrutar del Concierto Final de Alumnos a las 13:00 horas, en el Museo de El Argar. Por la noche, se celebrar\u00e1 una \u2018Sesi\u00f3n Cont\u00ednua\u2019 durante el I Ciclo de Conciertos de Cine en el antiguo \u2018Cine de Paca\u2019 de Antas, en la que actuar\u00e1 el<strong>\u00a0pianista Pablo Mazuecos con su espect\u00e1culo \u2018La M\u00fasica en el Cine Mudo\u2019\u00a0<\/strong>y se podr\u00e1 disfrutar del documental \u2018Los Or\u00edgenes de la M\u00fasica\u2019 dirigido por Pablo Canal\u00eds, sumergi\u00e9ndose en la historia y los fundamentos de la m\u00fasica.<br \/><br \/>El\u00a0<strong>s\u00e1bado 19 de agosto<\/strong>\u00a0se llevar\u00e1 a cabo una<strong>\u00a0\u2018Visita Musical Guiada\u2019 al pueblo de Antas<\/strong>\u00a0durante la cual el p\u00fablico, acompa\u00f1ado del gu\u00eda de turismo Juan Gabriel Ruiz P\u00e9rez y de los j\u00f3venes violinistas Mar\u00eda del Mar Jurado y Daniel Zaragoza, explorar\u00e1n, entre gratas sorpresas y m\u00e1gicas atm\u00f3sferas, los rincones antusos.<br \/><br \/>Para cerrar con<strong>\u00a0broche de oro, el domingo 20 de agosto<\/strong>\u00a0tendr\u00e1 lugar \u2018El Universo del Piano\u2019, un recital protagonizado por el joven tuba de Antas,\u00a0<strong>F\u00e9lix Ismael Gallardo Contreras<\/strong>, acompa\u00f1ado al piano por Patricia Mu\u00f1oz, y por el celebrado pianista Francisco Fierro. En estos dos \u00faltimos eventos tendr\u00e1 un papel relevante la colaboraci\u00f3n del Festival con la prestigiosa \u2018Fundaci\u00f3n Pi\u00f9 Mosso\u2019 de Teresa Berganza (madrina del festival).<br \/><br \/><strong>\u201cEsta edici\u00f3n de El Argar Musical est\u00e1 dedicada a la mezzosoprano espa\u00f1ola Teresa Berganza\u201d<\/strong>, explic\u00f3 Ana H\u00e4sler. \u201cPara expresarle desde el mismo paisaje de El Argar y desde este festival que ella apoy\u00f3 desde el primer momento que se lo di a conocer, mi m\u00e1s profundo agradecimiento a una gran artista, que fue, adem\u00e1s, mi maestra en la Escuela Superior Reina Sof\u00eda de Madrid. Su talento excepcional, su dedicaci\u00f3n a la m\u00fasica y su especial cari\u00f1o han dejado una huella profunda en mi formaci\u00f3n art\u00edstica y en mi vida. Es por ello que vamos a tener el honor de nombrar en la gala inaugural del d\u00eda 17 de agosto a Teresa Berganza Madrina del Festival\u201d, concluy\u00f3 emocionada.\u00a0<\/p>\r\n<p><cite>Ana H\u00e4sler<\/cite><\/p><figure class=\"wp-block-embed\">\r\n<div class=\"wp-block-embed__wrapper\">https:\/\/www.lavozdealmeria.com\/noticia\/3\/provincia\/260293\/viajar-a-la-prehistoria-a-traves-de-la-musica-sera-posible-en-este-pueblo<\/div>\r\n<\/figure>","protected":false},"excerpt":{"rendered":"<p>\u201cEl concierto inaugural del jueves 17 de agosto presentar\u00e1 una espectacular Gala L\u00edrica a los pies del yacimiento de El Argar\u00bb 11:01 \u2022 25 JUL. 2023 El Argar musical da sus primeros pasos en Antas \u201cLlevar esa indumentaria y cantar en El Argar ha sido algo m\u00e1gico\u201d &nbsp; Este agosto podr\u00e1s\u00a0sumergirte en la cultura arg\u00e1rica [&hellip;]<\/p>\n","protected":false},"author":2,"featured_media":4313,"comment_status":"open","ping_status":"open","sticky":false,"template":"","format":"standard","meta":{"footnotes":""},"categories":[32],"tags":[],"class_list":["post-4312","post","type-post","status-publish","format-standard","has-post-thumbnail","hentry","category-noticias"],"_links":{"self":[{"href":"https:\/\/elargarmusical.com\/index.php?rest_route=\/wp\/v2\/posts\/4312","targetHints":{"allow":["GET"]}}],"collection":[{"href":"https:\/\/elargarmusical.com\/index.php?rest_route=\/wp\/v2\/posts"}],"about":[{"href":"https:\/\/elargarmusical.com\/index.php?rest_route=\/wp\/v2\/types\/post"}],"author":[{"embeddable":true,"href":"https:\/\/elargarmusical.com\/index.php?rest_route=\/wp\/v2\/users\/2"}],"replies":[{"embeddable":true,"href":"https:\/\/elargarmusical.com\/index.php?rest_route=%2Fwp%2Fv2%2Fcomments&post=4312"}],"version-history":[{"count":0,"href":"https:\/\/elargarmusical.com\/index.php?rest_route=\/wp\/v2\/posts\/4312\/revisions"}],"wp:featuredmedia":[{"embeddable":true,"href":"https:\/\/elargarmusical.com\/index.php?rest_route=\/wp\/v2\/media\/4313"}],"wp:attachment":[{"href":"https:\/\/elargarmusical.com\/index.php?rest_route=%2Fwp%2Fv2%2Fmedia&parent=4312"}],"wp:term":[{"taxonomy":"category","embeddable":true,"href":"https:\/\/elargarmusical.com\/index.php?rest_route=%2Fwp%2Fv2%2Fcategories&post=4312"},{"taxonomy":"post_tag","embeddable":true,"href":"https:\/\/elargarmusical.com\/index.php?rest_route=%2Fwp%2Fv2%2Ftags&post=4312"}],"curies":[{"name":"wp","href":"https:\/\/api.w.org\/{rel}","templated":true}]}}