{"id":4335,"date":"2023-08-09T18:14:55","date_gmt":"2023-08-09T18:14:55","guid":{"rendered":"http:\/\/elargarmusical.com\/?p=4335"},"modified":"2023-08-09T18:17:16","modified_gmt":"2023-08-09T18:17:16","slug":"descubre-que-pueblo-almeriense-te-hara-viajar-en-el-tiempo-a-traves-de-la-musica","status":"publish","type":"post","link":"https:\/\/elargarmusical.com\/?p=4335","title":{"rendered":"Descubre qu\u00e9 pueblo almeriense te har\u00e1 viajar en el tiempo a trav\u00e9s de la m\u00fasica"},"content":{"rendered":"<p>Arranca la cuenta atr\u00e1s para la celebraci\u00f3n de la segunda edici\u00f3n del\u00a0<b>Argar Musical en Antas<\/b>, un festival que aunar\u00e1 el arte sonoro con la historia y las ra\u00edces de este municipio del Levante Almeriense.\u00a0<a href=\"https:\/\/www.lavozdealmeria.com\/noticia\/3\/provincia\/260293\/viajar-a-la-prehistoria-a-traves-de-la-musica-sera-posible-en-este-pueblo\" target=\"_blank\" rel=\"noopener\">Del 15 al 20 de agosto<\/a>\u00a0los asistentes podr\u00e1n disfrutar de la uni\u00f3n de dos pasiones: la m\u00fasica y la rica herencia de la Cultura arg\u00e1rica que rodea a la comarca del Levante.<\/p>\n<p><b>M\u00fasica en directo, formaci\u00f3n y visitas guiadas por las rutas arg\u00e1ricas,<\/b>\u00a0una combinaci\u00f3n perfecta para que, seg\u00fan la organizadora del evento, Ana H\u00e4sler, \u201ceste mes de agosto, El Argar lleve a este festival a nuevas alturas\u201d. Y es que, seg\u00fan detall\u00f3 la mezzosoprano, \u201cla respuesta de los asistentes a la edici\u00f3n anterior fue simplemente abrumadora. La combinaci\u00f3n \u00fanica de melod\u00edas internacionales, de todos los tiempos, y la historia ancestral de este lugar m\u00e1gico, crearon una experiencia que qued\u00f3 grabada en los corazones\u201d record\u00f3.<\/p>\n<p>\u201cLa\u00a0<b>segunda edici\u00f3n\u00a0<\/b>cuenta ya con el apoyo directo de la Junta de Andaluc\u00eda como principal financiera, lo que ha hecho posible superar expectativas con un extenso programa de seis d\u00edas\u201d. Tambi\u00e9n se becar\u00e1n a seis alumnos para cursar el II M\u00e1ster de Canto que impartir\u00e1 el maestro Miquel Ortega junto a H\u00e4sler.<\/p>\n<p>As\u00ed en esta cita cultural y art\u00edstica Antas acoger\u00e1 una selecci\u00f3n de\u00a0<b>grandes voces de la l\u00edrica espa\u00f1ola<\/b>, como: \u00c0ngel \u00d2dena, Montserrat Mart\u00ed Caball\u00e9 o Luis Santana, adem\u00e1s de j\u00f3venes talentos como el tenor de Vera Enrique Parra y la cubana Betsy Remedios (ganadora del \u201cGot Talent\u201d de TVE 2022).<\/p>\n<p>\u201cHemos reunido a un\u00a0<b>conjunto excepcional de artistas y m\u00fasicos<\/b>, quienes, a trav\u00e9s de su talento y pasi\u00f3n, nos transportar\u00e1n a la belleza del arte, conect\u00e1ndonos a trav\u00e9s del tiempo con las ra\u00edces profundas de la civilizaci\u00f3n arg\u00e1rica\u201d, coment\u00f3 la directora.<\/p>\n<p>A lo largo del fin de semana del 17 al 20 de agosto, se podr\u00e1 disfrutar de una<b>\u00a0variada gama de espect\u00e1culos<\/b>, que incluir\u00e1:<\/p>\n<ul>\n<li><b>El jueves 17 de agosto<\/b>\u00a0arrancar\u00e1 el festival con la \u2018Gala L\u00edrica Inaugural\u2019 con las manos de David Casanova L\u00f3pez al piano a partir de las 21:30 horas, en las faldas de los yacimientos arg\u00e1ricos.<\/li>\n<li>La programaci\u00f3n continuar\u00e1<b>\u00a0el viernes, 18\u00a0<\/b>con la \u2018Sesi\u00f3n Continua Musical\u2019. El conocido cine de verano antuso \u2018El cine de Paca\u2019 volver\u00e1 a abrir sus puertas tres d\u00e9cadas despu\u00e9s para que Pablo Mazuecos y el gallego Pablo Canal\u00eds acerquen a los presentes a los inicios de la m\u00fasica en los \u00e1mbitos de la prehistoria y de la historia del cine a partir de las 21:30 horas.<\/li>\n<li><b>El s\u00e1bado, 19 <\/b>se celebrar\u00e1n \u2018Melod\u00edas de Bronce\u2019, una novedosa visita guiada musical, cuidadosamente dise\u00f1ada, en la que el gu\u00eda Juan Gabriel Ruiz y la Princesa Arg\u00e1rica Noelia tejer\u00e1n un hilo entre el pasado y el presente, ofreciendo una visi\u00f3n \u00fanica de c\u00f3mo la M\u00fasica ha sido una parte integral de la identidad humana a lo largo de los siglos, recordando la vida en estas tierras enigm\u00e1ticas. Contar\u00e1n para ello con la interpretaci\u00f3n de los j\u00f3venes violinistas Mar\u00eda del Mar Jurado y Daniel Zaragoza. La salida tendr\u00e1 lugar en la plaza de la Era del Lugar, a partir de las 21:30 horas.<\/li>\n<li>El domingo\u00a0<b>20 de agosto<\/b>, el Festival del Argar Musial pondr\u00e1 el punto y final con el acto de clausura: \u2018El Universo del Piano\u2019. Con actuaciones de los j\u00f3venes int\u00e9rpretes: F\u00e9lix Ismael Gallardo Contreras, que presentar\u00e1 una atractiva selecci\u00f3n de obras para Tuba con el acompa\u00f1amiento del piano de Patricia Mu\u00f1oz. Francisco Fierro con su Recital de piano titulado \u2018El arte olvidado de la improvisaci\u00f3n\u2019. Un programa que promete hacer vivir sorprendentes momentos musicales en la Era del Lugar, a partir de las 21:30 horas.<\/li>\n<\/ul>\n<p>Como\u00a0<b>reclamo especial<\/b>, el p\u00fablico tambi\u00e9n tendr\u00e1 la oportunidad de explorar las rutas arg\u00e1ricas a trav\u00e9s de un recorrido guiado. As\u00ed, la entrada a la gran Gala Inaugural del d\u00eda 17 y el\u00a0<a href=\"https:\/\/elargarmusical.com\/\" target=\"_blank\" rel=\"nofollow noopener\">abono al festival<\/a>, incluir\u00e1n una visita guiada el viernes 18 a las diez de la ma\u00f1ana y el Concierto Final de Alumnos del II M\u00e1ster de Canto a medio d\u00eda.<\/p>\n","protected":false},"excerpt":{"rendered":"<p>Arranca la cuenta atr\u00e1s para la celebraci\u00f3n de la segunda edici\u00f3n del\u00a0Argar Musical en Antas, un festival que aunar\u00e1 el arte sonoro con la historia y las ra\u00edces de este municipio del Levante Almeriense.\u00a0Del 15 al 20 de agosto\u00a0los asistentes podr\u00e1n disfrutar de la uni\u00f3n de dos pasiones: la m\u00fasica y la rica herencia de [&hellip;]<\/p>\n","protected":false},"author":1,"featured_media":0,"comment_status":"open","ping_status":"open","sticky":false,"template":"","format":"standard","meta":{"footnotes":""},"categories":[32],"tags":[],"class_list":["post-4335","post","type-post","status-publish","format-standard","hentry","category-noticias"],"_links":{"self":[{"href":"https:\/\/elargarmusical.com\/index.php?rest_route=\/wp\/v2\/posts\/4335","targetHints":{"allow":["GET"]}}],"collection":[{"href":"https:\/\/elargarmusical.com\/index.php?rest_route=\/wp\/v2\/posts"}],"about":[{"href":"https:\/\/elargarmusical.com\/index.php?rest_route=\/wp\/v2\/types\/post"}],"author":[{"embeddable":true,"href":"https:\/\/elargarmusical.com\/index.php?rest_route=\/wp\/v2\/users\/1"}],"replies":[{"embeddable":true,"href":"https:\/\/elargarmusical.com\/index.php?rest_route=%2Fwp%2Fv2%2Fcomments&post=4335"}],"version-history":[{"count":0,"href":"https:\/\/elargarmusical.com\/index.php?rest_route=\/wp\/v2\/posts\/4335\/revisions"}],"wp:attachment":[{"href":"https:\/\/elargarmusical.com\/index.php?rest_route=%2Fwp%2Fv2%2Fmedia&parent=4335"}],"wp:term":[{"taxonomy":"category","embeddable":true,"href":"https:\/\/elargarmusical.com\/index.php?rest_route=%2Fwp%2Fv2%2Fcategories&post=4335"},{"taxonomy":"post_tag","embeddable":true,"href":"https:\/\/elargarmusical.com\/index.php?rest_route=%2Fwp%2Fv2%2Ftags&post=4335"}],"curies":[{"name":"wp","href":"https:\/\/api.w.org\/{rel}","templated":true}]}}