{"id":4337,"date":"2023-08-09T18:17:03","date_gmt":"2023-08-09T18:17:03","guid":{"rendered":"http:\/\/elargarmusical.com\/?p=4337"},"modified":"2023-08-09T18:17:03","modified_gmt":"2023-08-09T18:17:03","slug":"antas-se-prepara-para-celebrar-desde-el-dia-15-la-ii-edicion-de-el-argar-musical","status":"publish","type":"post","link":"https:\/\/elargarmusical.com\/?p=4337","title":{"rendered":"Antas se prepara para celebrar desde el d\u00eda 15 la II edici\u00f3n de \u2018El Argar Musical\u2019"},"content":{"rendered":"<ul class=\"summary\" data-mrf-recirculation=\"Art\u00edculo - Entradilla\">\n<li class=\"summary-entry fa-i\">El d\u00eda 17 act\u00faan Ana H\u00e4sler, \u00c1ngel \u00d3dena, Montserrat Mart\u00ed Caball\u00e9, Luis Santana, Betsy Remedios, Enrique Parra y David Casanova.<\/li>\n<\/ul>\n<p class=\"mce\">La emocionante segunda edici\u00f3n del Festival de M\u00fasica para las Rutas Arg\u00e1ricas, El Argar Musical, dedicada en esta ocasi\u00f3n a la insigne mezzosoprano espa\u00f1ola Teresa Berganza, se prepara en Antas nuevamente para celebrar del 15 al 20 de agosto la uni\u00f3n de dos pasiones: la M\u00fasica y la rica herencia de la Cultura arg\u00e1rica que rodea a esta comarca del Levante almeriense.<\/p>\n<p class=\"mce\">El asombroso \u00e9xito del estreno el a\u00f1o pasado del festival que dirige y organiza la admirable mezzosoprano Ana H\u00e4sler, en el que la cantante present\u00f3 su recital \u201cMis Ra\u00edces\u201d junto al pianista David Casanova, estrenando para la ocasi\u00f3n la indumentaria de la primera Edad del Bronce confeccionada en Antas, signific\u00f3 la primera vez que un numeroso p\u00fablico asisti\u00f3 al municipio de sus ra\u00edces familiares para ser testigo de un acontecimiento art\u00edstico inolvidable.<\/p>\n<div class=\"adv-intext\">\n<div id=\"sm-it-main-container-1691604971615\" class=\"sm-it-main-container\" data-it=\"7f9a1060-fcaa-4232-9db0-bbc31d0f95dd\" data-device=\"desktop\" data-index=\"0\">\n<div id=\"sm-reference-1691604971615\" class=\"sm-reference\"><\/div>\n<\/div>\n<\/div>\n<p class=\"mce\">Este mes de agosto, El Argar est\u00e1 listo para llevar este festival a nuevas alturas. La respuesta de los asistentes a la edici\u00f3n anterior fue simplemente abrumadora. La combinaci\u00f3n \u00fanica de melod\u00edas internacionales, de todos los tiempos, y la historia ancestral de este lugar m\u00e1gico, crearon una experiencia que qued\u00f3 grabada en los corazones.<\/p>\n<p class=\"mce\">\u201cLa segunda edici\u00f3n cuenta ya con el apoyo directo de la Junta de Andaluc\u00eda como principal patrocinador, lo que ha hecho posible superar expectativas con un extenso programa de seis d\u00edas, becar a seis alumnos para el II M\u00e1ster de Canto que impartir\u00e1 el maestro Miquel Ortega junto conmigo y reunir en Antas a una selecci\u00f3n de grandes voces de la L\u00edrica de este pa\u00eds, como \u00c0ngel \u00d2dena, Montserrat Mart\u00ed Caball\u00e9 o Luis Santana, adem\u00e1s de j\u00f3venes talentos como el tenor de Vera Enrique Parra y la cubana Betsy Remedios (ganadora del\u00a0<em class=\"mce\">Got Talent<\/em>\u00a0de Tele 5), comenta la directora Ana H\u00e4sler. \u201cHemos reunido a un conjunto excepcional de artistas y m\u00fasicos, quienes, a trav\u00e9s de su talento y pasi\u00f3n, nos transportar\u00e1n a la belleza del arte, conect\u00e1ndonos a trav\u00e9s del tiempo con las ra\u00edces profundas de la civilizaci\u00f3n arg\u00e1rica\u201d.<\/p>\n<p class=\"mce\">A lo largo del fin de semana del 17 al 20 de agosto, se podr\u00e1 disfrutar de una variada gama de espect\u00e1culos. El jueves, 17 de agosto tendr\u00e1 lugar a las 21:30 horas la gala l\u00edrica inaugural.<\/p>\n<p class=\"mce\">El viernes 18 de agosto se llevar\u00e1 a cabo un a Sesi\u00f3n Continua Musical. La primera puesta en escena despu\u00e9s de 34 a\u00f1os del antiguo Cine de Paca del pueblo. Un lugar entra\u00f1able en el cual durante m\u00e1s de tres d\u00e9cadas se proyectaron los mejores largometrajes de todos los tiempos, y en el que esa noche el almeriense Pablo Mazuecos y el gallego Pablo Canal\u00eds acercar\u00e1n a los inicios de La M\u00fasica en los \u00e1mbitos de la Prehistoria y de la Historia del Cine. Ser\u00e1 en el Cine de Antas, a partir de las 21:30 para empezar a las 22 horas.<\/p>\n<p class=\"mce\">El s\u00e1bado, 19 de agosto tendr\u00e1 lugar Melod\u00edas de Bronce, una novedosa Visita Guiada Musical, cuidadosamente dise\u00f1ada, en la que el gu\u00eda Juan Gabriel Ruiz y la Princesa Arg\u00e1rica Noelia tejer\u00e1n un hilo entre el pasado y el presente, d\u00e1ndonos una visi\u00f3n \u00fanica de c\u00f3mo la M\u00fasica ha sido una parte integral de la identidad humana a lo largo de los siglos, record\u00e1ndonos la vida en estas tierras enigm\u00e1ticas. Contar\u00e1n para ello con la maravillosa interpretaci\u00f3n de los j\u00f3venes violinistas Mar\u00eda del Mar Jurado y Daniel Zaragoza. El punto de encuentro ser\u00e1 en la plaza de la Era del Lugar a las 21:30 horas.<\/p>\n<p class=\"mce\">El 20 de agosto ser\u00e1 la clausura con\u00a0<em class=\"mce\">El Universo del Piano<\/em>, con actuaciones de los soberbios j\u00f3venes int\u00e9rpretes: F\u00e9lix Ismael Gallardo Contreras, que presentar\u00e1 una atractiva selecci\u00f3n de obras para Tuba con el acompa\u00f1amiento del piano de Patricia Mu\u00f1oz. Francisco Fierro con su Recital de piano titulado\u00a0<em class=\"mce\">El arte olvidado de la improvisaci\u00f3n<\/em>. Un programa que promete hacer vivir sorprendentes momentos musicales. Ser\u00e1 en la Plaza de la Era del Lugar a las 21:30 horas.<\/p>\n<p class=\"mce\">El p\u00fablico tambi\u00e9n tendr\u00e1 la oportunidad de explorar las rutas arg\u00e1ricas a trav\u00e9s de un recorrido guiado. As\u00ed, la entrada a la gran Gala Inaugural del d\u00eda 17 y el abono Festival incluir\u00e1n una Visita Guiada el viernes 18 a las 10 y el Concierto Final de Alumnos del II M\u00e1ster de Canto a las 13 horas. M\u00e1s informaci\u00f3n, venta de entradas y abonos en: www.elargarmusical.com<\/p>\n","protected":false},"excerpt":{"rendered":"<p>El d\u00eda 17 act\u00faan Ana H\u00e4sler, \u00c1ngel \u00d3dena, Montserrat Mart\u00ed Caball\u00e9, Luis Santana, Betsy Remedios, Enrique Parra y David Casanova. La emocionante segunda edici\u00f3n del Festival de M\u00fasica para las Rutas Arg\u00e1ricas, El Argar Musical, dedicada en esta ocasi\u00f3n a la insigne mezzosoprano espa\u00f1ola Teresa Berganza, se prepara en Antas nuevamente para celebrar del 15 [&hellip;]<\/p>\n","protected":false},"author":1,"featured_media":4338,"comment_status":"open","ping_status":"open","sticky":false,"template":"","format":"standard","meta":{"footnotes":""},"categories":[32],"tags":[],"class_list":["post-4337","post","type-post","status-publish","format-standard","has-post-thumbnail","hentry","category-noticias"],"_links":{"self":[{"href":"https:\/\/elargarmusical.com\/index.php?rest_route=\/wp\/v2\/posts\/4337","targetHints":{"allow":["GET"]}}],"collection":[{"href":"https:\/\/elargarmusical.com\/index.php?rest_route=\/wp\/v2\/posts"}],"about":[{"href":"https:\/\/elargarmusical.com\/index.php?rest_route=\/wp\/v2\/types\/post"}],"author":[{"embeddable":true,"href":"https:\/\/elargarmusical.com\/index.php?rest_route=\/wp\/v2\/users\/1"}],"replies":[{"embeddable":true,"href":"https:\/\/elargarmusical.com\/index.php?rest_route=%2Fwp%2Fv2%2Fcomments&post=4337"}],"version-history":[{"count":0,"href":"https:\/\/elargarmusical.com\/index.php?rest_route=\/wp\/v2\/posts\/4337\/revisions"}],"wp:featuredmedia":[{"embeddable":true,"href":"https:\/\/elargarmusical.com\/index.php?rest_route=\/wp\/v2\/media\/4338"}],"wp:attachment":[{"href":"https:\/\/elargarmusical.com\/index.php?rest_route=%2Fwp%2Fv2%2Fmedia&parent=4337"}],"wp:term":[{"taxonomy":"category","embeddable":true,"href":"https:\/\/elargarmusical.com\/index.php?rest_route=%2Fwp%2Fv2%2Fcategories&post=4337"},{"taxonomy":"post_tag","embeddable":true,"href":"https:\/\/elargarmusical.com\/index.php?rest_route=%2Fwp%2Fv2%2Ftags&post=4337"}],"curies":[{"name":"wp","href":"https:\/\/api.w.org\/{rel}","templated":true}]}}