{"id":4386,"date":"2024-05-06T13:28:56","date_gmt":"2024-05-06T13:28:56","guid":{"rendered":"http:\/\/elargarmusical.com\/?p=4386"},"modified":"2024-05-07T13:37:29","modified_gmt":"2024-05-07T13:37:29","slug":"la-tercera-edicion-del-festival-el-argar-musical-se-dedicara-al-maestro-jose-padilla","status":"publish","type":"post","link":"https:\/\/elargarmusical.com\/?p=4386","title":{"rendered":"La tercera edici\u00f3n del festival \u2018El Argar Musical\u2019 se dedicar\u00e1 al Maestro Jos\u00e9 Padilla"},"content":{"rendered":"<header class=\"pg-head\">\n<ul class=\"summary\" data-mrf-recirculation=\"Art\u00edculo - Entradilla\">\n<li class=\"summary-entry fa-i\">Ana H\u00e4sler, directora de este evento, anuncia la apertura del plazo de matr\u00edcula del III Curso de T\u00e9cnica e Interpretaci\u00f3n de Canto L\u00edrico<\/li>\n<\/ul>\n<\/header>\n<div class=\"gd\">\n<div class=\"gdu u16 u-first\">\n<div class=\"pg-media\">\n<div class=\"md-gallery md\" data-gallery-navigation=\"true\" data-gallery-lazy-loading=\"true\">\n<div class=\"gallery-slider swiper-container swiper-container-horizontal\">\n<div class=\"swiper-wrapper\"><\/div>\n<\/div>\n<\/div>\n<\/div>\n<div class=\"pg-body\">\n<div class=\"mce-body \">\n<p class=\"mce\">La tercera edici\u00f3n del\u00a0<strong class=\"mce\">Festival El Argar Musical<\/strong>\u00a0ya est\u00e1 en marcha. As\u00ed lo ha confirmado la mezzosoprano suizo-cubana-espa\u00f1ola con ra\u00edces en\u00a0<strong class=\"mce\">Antas,<\/strong>\u00a0Ana H\u00e4sler, fundadora, directora y alma de este gran Festival.\u00a0<strong class=\"mce\">El Festival este a\u00f1o estar\u00e1 dedicado a la figura del compositor almeriense Jos\u00e9 Padilla S\u00e1nchez, conocido mundialmente como el Maestro Padilla.<\/strong><\/p>\n<p class=\"mce\">Entre las grandes novedades de esta edici\u00f3n subrayar que ser\u00e1 el debut de Ana H\u00e4sler en Almer\u00eda con el recital dedicado al compositor Jos\u00e9 Padilla. Tambi\u00e9n subrayar que ya est\u00e1 abierta la matr\u00edcula del\u00a0<strong class=\"mce\">III Curso de T\u00e9cnica e Interpretaci\u00f3n de Canto L\u00edrico que se llevar\u00e1 a cabo del 22 al 26 de julio en la Fundaci\u00f3n Valpara\u00edso de Moj\u00e1car.<\/strong><\/p>\n<div class=\"adv-intext\">\n<div id=\"sm-it-main-container-1715088528155\" class=\"sm-it-main-container\" data-it=\"7f9a1060-fcaa-4232-9db0-bbc31d0f95dd\" data-device=\"desktop\" data-index=\"0\">\n<div id=\"sm-reference-1715088528155\" class=\"sm-reference\"><\/div>\n<\/div>\n<\/div>\n<p class=\"mce\">Seg\u00fan sostiene Ana H\u00e4sler que mantiene una gran ilusi\u00f3n con este proyecto que cre\u00f3 ya hace tres a\u00f1os, \u201cel Festival naci\u00f3 y continua en Antas, pero se iniciara una itinerancia por las rutas arg\u00e1ricas almerienses, que son arqueol\u00f3gicas y tambi\u00e9n jacobeas, a trav\u00e9s de jornadas culturales con conciertos, pases de documentales, visitas guiadas, conferencias, cursos de canto l\u00edrico, entre otras, que se van a exportar a otros pueblos de la comarca!.<\/p>\n<p class=\"mce\">\u201cQueremos promover la ruta arg\u00e1rica del Camino de Santiago, que desde hace un a\u00f1o pasa por Antas. El Ayuntamiento de este municipio present\u00f3 esta novedad junto con la Asociaci\u00f3n Jacobea de Almer\u00eda en FITUR, y estoy convencida de que los fant\u00e1sticos conciertos l\u00edricos y todas las interesantes actividades que albergar\u00e1 el Festival de M\u00fasica van a atraer a muchos peregrinos de todo el mundo, que podr\u00e1n plantearse por primera vez elegir una v\u00eda diferente y bell\u00edsima, llena de cambios de paisaje abruptos y extraordinarios como son las playas, calas, pueblos de pescadores, monta\u00f1as, desiertos y cr\u00e1teres volc\u00e1nicos de la costa almeriense, para disfrutar de una oferta cultural extraordinaria en los lugares clave del camino\u201d.<\/p>\n<p class=\"mce\">Los primeros enclaves de la ruta musical arg\u00e1rica 2024 ser\u00e1n el 18 de julio en Almer\u00eda, en Moj\u00e1car del 22 al 26, en Antas los d\u00edas 2, 3 y 4 de agosto y Cuevas del Almanzora el 15 de septiembre . \u201cEstoy hablando con muchos otros municipios de la comarca que se est\u00e1n interesando en formar parte de este proyecto cultural que es \u00fanico en el mundo\u201d, afirma H\u00e4sler.<\/p>\n<p class=\"mce\">Con un recorrido art\u00edstico profesional de veintisiete a\u00f1os que la ha llevado por los m\u00e1s prestigiosos escenarios l\u00edricos y festivales nacionales e internacionales, la mezzosoprano Ana H\u00e4sler har\u00e1 su debut en el Teatro Cervantes de Almer\u00eda el pr\u00f3ximo 18 de julio.<\/p>\n<p class=\"mce\">\u201cEs un placer inigualable para m\u00ed y agradezco a Kuver Producciones por esta invitaci\u00f3n. Ofrecer\u00e9 el espect\u00e1culo l\u00edrico-po\u00e9tico m\u00e1s complejo que existe en cuanto a que el cantante se abre en canal, vocal, espiritual y f\u00edsicamente hablando, ante un p\u00fablico atento durante m\u00e1s de una hora un viaje musical que recorrer\u00e1 todos los temas m\u00e1s famosos y otros menos conocidos del gran compositor nacido en Almer\u00eda, que llevaba a su ciudad natal en el coraz\u00f3n, Jos\u00e9 Padilla\u201d<\/p>\n<p class=\"mce\"><strong class=\"mce\">\u201cQuiero agradecer especialmente a Eugenia Montero Padilla, sobrina del compositor, por ir de mi mano en este proyecto desde hace a\u00f1os, por su confianza depositada en m\u00ed como artista y por su inmensa generosidad, simpat\u00eda y creatividad. S\u00f3lo una gran artista como ella pod\u00eda llevar el legado de su t\u00edo con tanta pasi\u00f3n y profesionalidad<\/strong>\u00a0sostiene H\u00e4sler.<\/p>\n<p class=\"mce\">El Argar Musical 2024 va a estar dedicado a la memoria del almeriense Jos\u00e9 Padilla S\u00e1nchez, a quien la historia de la m\u00fasica universal le debe mucho. El p\u00fablico de\u00a0<em class=\"mce\">El Argar Musical\u00a0<\/em>podr\u00e1 deleitarse con la declaraci\u00f3n de universalidad de la UNESCO sobre su obra, con la pel\u00edcula-documental\u00a0<em class=\"mce\">Descubriendo a Jos\u00e9 Padilla\u00a0<\/em>que se proyectar\u00e1 a lo grande, conferencias con todos los conciertos de la ruta arg\u00e1rica musical almeriense en los que sonar\u00e1n sus maravillosas melod\u00edas en diferentes idiomas, como s\u00edmbolo de su internacionalidad y de su cosmopolitismo. Adem\u00e1s. No solamente este a\u00f1o, sino que El Argar Musical va a tener a Jos\u00e9 Padilla en un lugar preferente de su programaci\u00f3n de aqu\u00ed en adelante siempre\u201d.<\/p>\n<p class=\"mce\"><strong class=\"mce\">El III Curso de Canto L\u00edrico est\u00e1 abierta la matr\u00edcula del curso que impartir\u00e1 la mezzosoprano Ana H\u00e4sler y el pianista David Casanova L\u00f3pez del 22 al 26 de julio en Moj\u00e1car.<\/strong><\/p>\n<p class=\"mce\">As\u00ed como el a\u00f1o pasado el Convento de las Hermanas de la Caridad de Antas acogi\u00f3 a los alumnos del II Curso de Canto El Argar Musical, este a\u00f1o ser\u00e1 la prestigiosa Fundaci\u00f3n Valpara\u00edso de Moj\u00e1car que albergar\u00e1 este curso orientado a cantantes l\u00edricos profesionales y estudiantes de todos los niveles. El precio es de 200 euros la matricula y 280 euros, alojamiento cuatro noches en habitaciones con ba\u00f1o en suite, zona de trabajo y comida. Como novedad habr\u00e1 un Premio del P\u00fablico tras el concierto final de alumnos y el cantante premiado cantar\u00e1 el pr\u00f3ximo 2 de agosto en el yacimiento de El Argar de Antas junto a grandes voces de la L\u00edrica.<\/p>\n<p><img fetchpriority=\"high\" decoding=\"async\" class=\"alignnone wp-image-4390 size-full\" src=\"https:\/\/elargarmusical.com\/wp-content\/uploads\/2024\/05\/6.-5.-2024-DIARIO-DE-ALMERIA-e1715089016236.jpg\" alt=\"\" width=\"937\" height=\"1236\" srcset=\"https:\/\/elargarmusical.com\/wp-content\/uploads\/2024\/05\/6.-5.-2024-DIARIO-DE-ALMERIA-e1715089016236.jpg 937w, https:\/\/elargarmusical.com\/wp-content\/uploads\/2024\/05\/6.-5.-2024-DIARIO-DE-ALMERIA-e1715089016236-227x300.jpg 227w, https:\/\/elargarmusical.com\/wp-content\/uploads\/2024\/05\/6.-5.-2024-DIARIO-DE-ALMERIA-e1715089016236-776x1024.jpg 776w, https:\/\/elargarmusical.com\/wp-content\/uploads\/2024\/05\/6.-5.-2024-DIARIO-DE-ALMERIA-e1715089016236-768x1013.jpg 768w, https:\/\/elargarmusical.com\/wp-content\/uploads\/2024\/05\/6.-5.-2024-DIARIO-DE-ALMERIA-e1715089016236-600x791.jpg 600w\" sizes=\"(max-width: 937px) 100vw, 937px\" \/><\/p>\n<\/div>\n<p><strong>Fuente:<\/strong> <a href=\"https:\/\/www.diariodealmeria.es\/ocio\/festival-Argar-Musical-Maestro-Padilla_0_1900010746.html\">www.diariodealmeria.es\/ocio\/festival-Argar-Musical-Maestro-Padilla<\/a><\/p>\n<\/div>\n<\/div>\n<\/div>\n","protected":false},"excerpt":{"rendered":"<p>Ana H\u00e4sler, directora de este evento, anuncia la apertura del plazo de matr\u00edcula del III Curso de T\u00e9cnica e Interpretaci\u00f3n de Canto L\u00edrico La tercera edici\u00f3n del\u00a0Festival El Argar Musical\u00a0ya est\u00e1 en marcha. As\u00ed lo ha confirmado la mezzosoprano suizo-cubana-espa\u00f1ola con ra\u00edces en\u00a0Antas,\u00a0Ana H\u00e4sler, fundadora, directora y alma de este gran Festival.\u00a0El Festival este a\u00f1o [&hellip;]<\/p>\n","protected":false},"author":1,"featured_media":4387,"comment_status":"open","ping_status":"open","sticky":false,"template":"","format":"standard","meta":{"footnotes":""},"categories":[32],"tags":[],"class_list":["post-4386","post","type-post","status-publish","format-standard","has-post-thumbnail","hentry","category-noticias"],"_links":{"self":[{"href":"https:\/\/elargarmusical.com\/index.php?rest_route=\/wp\/v2\/posts\/4386","targetHints":{"allow":["GET"]}}],"collection":[{"href":"https:\/\/elargarmusical.com\/index.php?rest_route=\/wp\/v2\/posts"}],"about":[{"href":"https:\/\/elargarmusical.com\/index.php?rest_route=\/wp\/v2\/types\/post"}],"author":[{"embeddable":true,"href":"https:\/\/elargarmusical.com\/index.php?rest_route=\/wp\/v2\/users\/1"}],"replies":[{"embeddable":true,"href":"https:\/\/elargarmusical.com\/index.php?rest_route=%2Fwp%2Fv2%2Fcomments&post=4386"}],"version-history":[{"count":0,"href":"https:\/\/elargarmusical.com\/index.php?rest_route=\/wp\/v2\/posts\/4386\/revisions"}],"wp:featuredmedia":[{"embeddable":true,"href":"https:\/\/elargarmusical.com\/index.php?rest_route=\/wp\/v2\/media\/4387"}],"wp:attachment":[{"href":"https:\/\/elargarmusical.com\/index.php?rest_route=%2Fwp%2Fv2%2Fmedia&parent=4386"}],"wp:term":[{"taxonomy":"category","embeddable":true,"href":"https:\/\/elargarmusical.com\/index.php?rest_route=%2Fwp%2Fv2%2Fcategories&post=4386"},{"taxonomy":"post_tag","embeddable":true,"href":"https:\/\/elargarmusical.com\/index.php?rest_route=%2Fwp%2Fv2%2Ftags&post=4386"}],"curies":[{"name":"wp","href":"https:\/\/api.w.org\/{rel}","templated":true}]}}