{"id":4484,"date":"2024-05-31T18:07:59","date_gmt":"2024-05-31T18:07:59","guid":{"rendered":"http:\/\/elargarmusical.com\/?p=4484"},"modified":"2024-06-15T21:49:49","modified_gmt":"2024-06-15T21:49:49","slug":"pintura-y-musica-para-el-cartel-de-la-iii-edicion-del-festival-el-argar-musical","status":"publish","type":"post","link":"https:\/\/elargarmusical.com\/?p=4484","title":{"rendered":"Pintura y m\u00fasica para el cartel de la III edici\u00f3n del Festival \u2018El Argar Musical\u2019"},"content":{"rendered":"<header class=\"pg-head\">\n<ul class=\"summary\" data-mrf-recirculation=\"Art\u00edculo - Entradilla\">\n<li class=\"summary-entry fa-i\">La ilustraci\u00f3n del cartel es obra del pintor suizo Rudolf H\u00e4sler y retrata un arco de Moj\u00e1car<\/li>\n<\/ul>\n<p class=\"mce\">La mezzosoprano\u00a0<strong class=\"mce\">Ana H\u00e4sler<\/strong>\u00a0abrir\u00e1 la tercera edici\u00f3n del festival\u00a0<strong class=\"mce\"><em class=\"mce\">El Argar Musical<\/em>\u00a0<\/strong>el pr\u00f3ximo 18 de julio en el Teatro Cervantes de Almer\u00eda con un recital de voz y piano enteramente dedicado a las canciones y cupl\u00e9s de Jos\u00e9 Padilla que contar\u00e1 con el acompa\u00f1amiento al piano de Antonio L\u00f3pez Serrano. Ser\u00e1 la primera de las actividades que El Argar Musical va a programar en honor al ilustre compositor nacido en Almer\u00eda, y el elenco de artistas invitados a la ruta arg\u00e1rica de este festival aguarda grandes voces de la L\u00edrica de nuestro pa\u00eds como Aquiles Machado, Andr\u00e9s del Pino y Juan de Dios Mateos, entre otras actividades con fines educativos y sociales.<\/p>\n<p class=\"mce\">La ilustraci\u00f3n del cartel es una obra de 1969 del pintor suizo<strong class=\"mce\">\u00a0Rudolf H\u00e4sler<\/strong>\u00a0y retrata el arco que a\u00fan exist\u00eda en Moj\u00e1car a finales de los a\u00f1os sesenta. El cuadro de uno de los m\u00e1ximos referentes del Nuevo Realismo Contempor\u00e1neo, que residi\u00f3 y pint\u00f3 a lo largo y ancho de cuatro continentes, se distingue por su perfecci\u00f3n compositiva y su magia, que reflejan un realismo fusionado con elementos cubistas y metaf\u00edsicos, caracter\u00edsticas propias del estilo de H\u00e4sler en esa \u00e9poca.<\/p>\n<div class=\"adv-intext\">\n<div id=\"sm-it-main-container-1717178578890\" class=\"sm-it-main-container\" data-it=\"7f9a1060-fcaa-4232-9db0-bbc31d0f95dd\" data-device=\"desktop\" data-index=\"0\">\n<div id=\"sm-alternative-1717178578890\" class=\"sm-alternative\" data-it=\"7f9a1060-fcaa-4232-9db0-bbc31d0f95dd\" data-index=\"0\" data-device=\"desktop\"><iframe scrolling=\"no\" data-mce-fragment=\"1\"><\/iframe><\/div>\n<\/div>\n<\/div>\n<p class=\"mce\">Cabe destacar que el cartel de este evento \u00fanico en el mundo para la difusi\u00f3n de la m\u00fasica cl\u00e1sica en los pueblos de la cultura arg\u00e1rica tambi\u00e9n rindi\u00f3 homenaje el a\u00f1o pasado a la obra de\u00a0<strong class=\"mce\">H\u00e4sler<\/strong>, presentando un dibujo de las cuevas de El Argar. Este a\u00f1o, la elecci\u00f3n del arco de\u00a0<strong class=\"mce\">Moj\u00e1car<\/strong>\u00a0contin\u00faa con la tradici\u00f3n de celebrar la rica herencia cultural y art\u00edstica de la regi\u00f3n, a\u00f1adiendo una dimensi\u00f3n visual que complementa la experiencia musical del festival.<\/p>\n<p class=\"mce\">Rudolf\u00a0<strong class=\"mce\">H\u00e4sler<\/strong>\u00a0pas\u00f3, junto con su esposa e hijos, dos a\u00f1os en la provincia de Almer\u00eda entre 1968 y 1970. Nada m\u00e1s llegar, qued\u00f3 fascinado por \u201cun lugar fuera del ruido y de las prisas del mundo, detenido en el tiempo; un paisaje de vegetaci\u00f3n verde esmeralda en medio de una tierra violeta rosada, amarillo de N\u00e1poles y ocre dorado, de azul de porcelana en las distantes sierras y bajo un impecable cielo azul\u201d, donde &#8211; de nuevo en sus propias po\u00e9ticas palabras -, vivi\u00f3 \u201cun periodo de incesante felicidad personal y plenitud pict\u00f3rica, pues all\u00ed el esp\u00edritu se apacigu\u00f3 y volvi\u00f3 a la calma.\u201d<\/p>\n<p class=\"mce\">Rudolf H\u00e4sler pint\u00f3 las interminables playas, entonces todav\u00eda desiertas, desde Moj\u00e1car hasta el Cabo de Gata, pespunteadas de multicolores barcas de pescadores. Pero tambi\u00e9n sucumbi\u00f3 al \u201cembrujo moruno\u201d de la arquitectura mojaquera, c\u00fabica y encalada, que tanto le recordaba a la del Norte de \u00c1frica, donde hab\u00eda residido varios a\u00f1os anteriormente.<\/p>\n<p>Fuente: www.diariodealmeria.es<\/p>\n<\/header>\n","protected":false},"excerpt":{"rendered":"<p>La ilustraci\u00f3n del cartel es obra del pintor suizo Rudolf H\u00e4sler y retrata un arco de Moj\u00e1car La mezzosoprano\u00a0Ana H\u00e4sler\u00a0abrir\u00e1 la tercera edici\u00f3n del festival\u00a0El Argar Musical\u00a0el pr\u00f3ximo 18 de julio en el Teatro Cervantes de Almer\u00eda con un recital de voz y piano enteramente dedicado a las canciones y cupl\u00e9s de Jos\u00e9 Padilla que [&hellip;]<\/p>\n","protected":false},"author":1,"featured_media":4968,"comment_status":"open","ping_status":"open","sticky":false,"template":"","format":"standard","meta":{"footnotes":""},"categories":[32],"tags":[],"class_list":["post-4484","post","type-post","status-publish","format-standard","has-post-thumbnail","hentry","category-noticias"],"_links":{"self":[{"href":"https:\/\/elargarmusical.com\/index.php?rest_route=\/wp\/v2\/posts\/4484","targetHints":{"allow":["GET"]}}],"collection":[{"href":"https:\/\/elargarmusical.com\/index.php?rest_route=\/wp\/v2\/posts"}],"about":[{"href":"https:\/\/elargarmusical.com\/index.php?rest_route=\/wp\/v2\/types\/post"}],"author":[{"embeddable":true,"href":"https:\/\/elargarmusical.com\/index.php?rest_route=\/wp\/v2\/users\/1"}],"replies":[{"embeddable":true,"href":"https:\/\/elargarmusical.com\/index.php?rest_route=%2Fwp%2Fv2%2Fcomments&post=4484"}],"version-history":[{"count":0,"href":"https:\/\/elargarmusical.com\/index.php?rest_route=\/wp\/v2\/posts\/4484\/revisions"}],"wp:featuredmedia":[{"embeddable":true,"href":"https:\/\/elargarmusical.com\/index.php?rest_route=\/wp\/v2\/media\/4968"}],"wp:attachment":[{"href":"https:\/\/elargarmusical.com\/index.php?rest_route=%2Fwp%2Fv2%2Fmedia&parent=4484"}],"wp:term":[{"taxonomy":"category","embeddable":true,"href":"https:\/\/elargarmusical.com\/index.php?rest_route=%2Fwp%2Fv2%2Fcategories&post=4484"},{"taxonomy":"post_tag","embeddable":true,"href":"https:\/\/elargarmusical.com\/index.php?rest_route=%2Fwp%2Fv2%2Ftags&post=4484"}],"curies":[{"name":"wp","href":"https:\/\/api.w.org\/{rel}","templated":true}]}}