{"id":5209,"date":"2024-06-25T19:26:28","date_gmt":"2024-06-25T19:26:28","guid":{"rendered":"http:\/\/elargarmusical.com\/?p=5209"},"modified":"2024-06-25T19:26:56","modified_gmt":"2024-06-25T19:26:56","slug":"a-la-venta-las-entradas-para-el-iii-festival-el-argar-musical-de-antas","status":"publish","type":"post","link":"https:\/\/elargarmusical.com\/?p=5209","title":{"rendered":"A la venta las entradas para el III Festival \u2018El Argar Musical\u2019 de Antas"},"content":{"rendered":"<div class=\"bbnx-opening two-columns-default-width multimedia_opening_wide--100\">\n<header class=\"header\">\n<div class=\"subtitles\">\n<blockquote>\n<p class=\"subtitle-atom B-500-400-500-N mb-5\">Entre los artistas confirmados est\u00e1n Ana H\u00e4sler, Juan de Dios Mateos, Andr\u00e9s del Pino, Antonio L\u00f3pez Serrano y Carmen Larios<\/p>\n<\/blockquote>\n<p><img fetchpriority=\"high\" decoding=\"async\" class=\"alignnone size-full wp-image-5210\" src=\"https:\/\/elargarmusical.com\/wp-content\/uploads\/2024\/06\/428590b2-de5b-4abe-87cd-72bb9a5345ee_16-9-aspect-ratio_1200w_0.webp\" alt=\"\" width=\"1200\" height=\"675\" srcset=\"https:\/\/elargarmusical.com\/wp-content\/uploads\/2024\/06\/428590b2-de5b-4abe-87cd-72bb9a5345ee_16-9-aspect-ratio_1200w_0.webp 1200w, https:\/\/elargarmusical.com\/wp-content\/uploads\/2024\/06\/428590b2-de5b-4abe-87cd-72bb9a5345ee_16-9-aspect-ratio_1200w_0-300x169.webp 300w, https:\/\/elargarmusical.com\/wp-content\/uploads\/2024\/06\/428590b2-de5b-4abe-87cd-72bb9a5345ee_16-9-aspect-ratio_1200w_0-1024x576.webp 1024w, https:\/\/elargarmusical.com\/wp-content\/uploads\/2024\/06\/428590b2-de5b-4abe-87cd-72bb9a5345ee_16-9-aspect-ratio_1200w_0-768x432.webp 768w, https:\/\/elargarmusical.com\/wp-content\/uploads\/2024\/06\/428590b2-de5b-4abe-87cd-72bb9a5345ee_16-9-aspect-ratio_1200w_0-600x338.webp 600w\" sizes=\"(max-width: 1200px) 100vw, 1200px\" \/><\/p>\n<p class=\"subtitle-atom B-500-400-500-N mb-5\"><span style=\"text-align: center; background-color: #f5f2f0;\">Ana H\u00e4sler, directora del Festival.<\/span><\/p>\n<\/div>\n<\/header>\n<\/div>\n<div class=\"main-colleft\">\n<div class=\"bbnx-opening two-columns-default-width multimedia_opening_wide--100\">\n<footer class=\"footer\">\n<div class=\"authors\">\n<div class=\"author\">\n<div class=\"author-content\"><\/div>\n<\/div>\n<\/div>\n<\/footer>\n<\/div>\n<div class=\"bbnx-body prometeo-hideable two-columns-default-width\">\n<p class=\"paragraph-atom B-500-400-700-N B-500-400-700-N--md\"><em><strong>El Argar Musical<\/strong><\/em>\u00a0est\u00e1 de vuelta con su tercera edici\u00f3n y promete ser una celebraci\u00f3n \u00fanica e inigualable de las artes, reuniendo a artistas destacados y ofreciendo una programaci\u00f3n variada que cautivar\u00e1 a todos los asistentes. Como novedades, el festival de Antas inicia su itinerancia musical por la Ruta Jacobea Argar y trae consigo una interesante oferta promocional que nadie se deber\u00eda perder.<\/p>\n<p class=\"paragraph-atom B-500-400-700-N B-500-400-700-N--md\">La cita musical se celebrar\u00e1 los d\u00edas<strong>\u00a02, 3 y 4 de agosto en Antas,\u00a0<\/strong>y para aquellos que compren sus entradas ahora hay un regalo especial exclusivo.<\/p>\n<aside id=\"id-1000051-advertising--desktop\" class=\"advertising--desktop\" data-ad-type=\"list\">\n<div class=\"advertising rectangle list\" data-mrf-recirculation=\"Art\u00edculo - Lo mas visto\">\n<div id=\"list-1000051-591723\" class=\"advertising-wrapper\">\n<div class=\"adv-intext\">\n<div id=\"sm-it-main-container-1719341244184\" class=\"sm-it-main-container\" data-it=\"7f9a1060-fcaa-4232-9db0-bbc31d0f95dd\" data-device=\"desktop\" data-index=\"0\">\n<div id=\"sm-reference-1719341244184\" class=\"sm-reference\"><\/div>\n<\/div>\n<\/div>\n<\/div>\n<\/div>\n<\/aside>\n<p class=\"paragraph-atom B-500-400-700-N B-500-400-700-N--md\">Esta edici\u00f3n, seg\u00fan comenta\u00a0<strong>Ana H\u00e4sler<\/strong>, fundadora y directora del evento, est\u00e1 dedicada al ilustre compositor almeriense Jos\u00e9 Padilla en el 135 Aniversario de su nacimiento (1889-1960).<\/p>\n<p class=\"paragraph-atom B-500-400-700-N B-500-400-700-N--md\">Los eventos que se han puesto a la venta est\u00e1n en promoci\u00f3n hasta el 20 de julio:<\/p>\n<p class=\"paragraph-atom B-500-400-700-N B-500-400-700-N--md\">El 2 de agosto a las 22 horas en Antas ser\u00e1 la\u00a0<strong>Gala Inaugural\u00a0<\/strong>\u201cGrandes Voces de la L\u00edrica\u201d en El Argar, en la que la mezzosoprano\u00a0<strong>Ana H\u00e4sler<\/strong>\u00a0actuar\u00e1 acompa\u00f1ada del bar\u00edtono<strong>\u00a0Andr\u00e9s del Pino<\/strong>. El precio hasta el 20 de julio es de 15 euros.<\/p>\n<p><img decoding=\"async\" class=\"alignnone size-full wp-image-5211\" src=\"https:\/\/elargarmusical.com\/wp-content\/uploads\/2024\/06\/f1a291a6-9078-4355-95e8-20756b7a22d7_16-9-aspect-ratio_850w_0.jpg\" alt=\"\" width=\"850\" height=\"478\" srcset=\"https:\/\/elargarmusical.com\/wp-content\/uploads\/2024\/06\/f1a291a6-9078-4355-95e8-20756b7a22d7_16-9-aspect-ratio_850w_0.jpg 850w, https:\/\/elargarmusical.com\/wp-content\/uploads\/2024\/06\/f1a291a6-9078-4355-95e8-20756b7a22d7_16-9-aspect-ratio_850w_0-300x169.jpg 300w, https:\/\/elargarmusical.com\/wp-content\/uploads\/2024\/06\/f1a291a6-9078-4355-95e8-20756b7a22d7_16-9-aspect-ratio_850w_0-768x432.jpg 768w, https:\/\/elargarmusical.com\/wp-content\/uploads\/2024\/06\/f1a291a6-9078-4355-95e8-20756b7a22d7_16-9-aspect-ratio_850w_0-600x337.jpg 600w\" sizes=\"(max-width: 850px) 100vw, 850px\" \/><\/p>\n<p class=\"paragraph-atom B-500-400-700-N B-500-400-700-N--md\">Antonio L\u00f3pez Serrano, pianista.<\/p>\n<\/div>\n<div class=\"bbnx-body prometeo-hideable two-columns-default-width\">\n<p class=\"paragraph-atom B-500-400-700-N B-500-400-700-N--md\">El 3 de agosto a las 10 horas una visita Guiada al Yacimiento mas un desayuno Arg\u00e1rico Musical. El precio hasta el 20 de julio es de 7 euros. Hay un Pack para estos dos eventos por 22E hasta el 20 de julio<\/p>\n<p class=\"paragraph-atom B-500-400-700-N B-500-400-700-N--md\">El 4 de agosto a las 22 horas en el Ciclo de\u00a0<em>M\u00fasica y Cine<\/em>\u00a0la proyecci\u00f3n de la pel\u00edcula-documental\u00a0<em><strong>Descubriendo a Jos\u00e9 Padilla<\/strong><\/em>. Todo sobre la vida y obra del genial artista nacido en Almer\u00eda cuya m\u00fasica es declarada por la UNESCO de inter\u00e9s universal. Este evento ser\u00e1 gratuito y de libre acceso<\/p>\n<p class=\"paragraph-atom B-500-400-700-N B-500-400-700-N--md\">La oferta es exclusiva para quienes adquieran sus entradas de manera anticipada y no s\u00f3lo asegurar\u00e1 un lugar en este evento musical \u00fanico, en el principal yacimiento de la Cultura arg\u00e1rica de Almer\u00eda, sino que los 50 primeros compradores est\u00e1n recibiendo un Regalo Especial y un Cup\u00f3n con el 10 por ciento de descuento para los conciertos de septiembre:<\/p>\n<p class=\"paragraph-atom B-500-400-700-N B-500-400-700-N--md\">El 12 de septiembre la cita es para escuchar el magn\u00edfico recital enteramente dedicado a Jos\u00e9 Padilla en la voz privilegiada de\u00a0<strong>Ana H\u00e4sler y el piano de Antonio L\u00f3pez Serrano, en el Teatro Cervantes de Almer\u00eda.<\/strong><\/p>\n<p class=\"paragraph-atom B-500-400-700-N B-500-400-700-N--md\">El 15 de septiembre el Festival llegar\u00e1 con su ruta arg\u00e1rica hasta el Anfiteatro del Castillo del Marqu\u00e9s de los V\u00e9lez de Cuevas del Almanzora para presentar una visita al Espacio Expositivo Luis Siret y una Gala L\u00edrica en la que dos excelsas voces almerienses cantar\u00e1n juntas en un escenario por vez primera: la soprano\u00a0<strong>Carmen Larios<\/strong>\u00a0y el tenor\u00a0<strong>Juan de Dios Mateos<\/strong>. Un cartel de lujo para un Festival de una excepcional calidad en un lugar tan emblem\u00e1tico como El Argar.<\/p>\n<\/div>\n<p>Fuente: <a href=\"https:\/\/www.diariodealmeria.es\/ocio\/venta-entradas-iii-festival-argar_0_2000469633.html\" target=\"_blank\" rel=\"noopener\">www.diariodealmeria.es<\/a><\/p>\n<\/div>\n","protected":false},"excerpt":{"rendered":"<p>Entre los artistas confirmados est\u00e1n Ana H\u00e4sler, Juan de Dios Mateos, Andr\u00e9s del Pino, Antonio L\u00f3pez Serrano y Carmen Larios Ana H\u00e4sler, directora del Festival. El Argar Musical\u00a0est\u00e1 de vuelta con su tercera edici\u00f3n y promete ser una celebraci\u00f3n \u00fanica e inigualable de las artes, reuniendo a artistas destacados y ofreciendo una programaci\u00f3n variada que [&hellip;]<\/p>\n","protected":false},"author":1,"featured_media":5212,"comment_status":"open","ping_status":"open","sticky":false,"template":"","format":"standard","meta":{"footnotes":""},"categories":[32],"tags":[],"class_list":["post-5209","post","type-post","status-publish","format-standard","has-post-thumbnail","hentry","category-noticias"],"_links":{"self":[{"href":"https:\/\/elargarmusical.com\/index.php?rest_route=\/wp\/v2\/posts\/5209","targetHints":{"allow":["GET"]}}],"collection":[{"href":"https:\/\/elargarmusical.com\/index.php?rest_route=\/wp\/v2\/posts"}],"about":[{"href":"https:\/\/elargarmusical.com\/index.php?rest_route=\/wp\/v2\/types\/post"}],"author":[{"embeddable":true,"href":"https:\/\/elargarmusical.com\/index.php?rest_route=\/wp\/v2\/users\/1"}],"replies":[{"embeddable":true,"href":"https:\/\/elargarmusical.com\/index.php?rest_route=%2Fwp%2Fv2%2Fcomments&post=5209"}],"version-history":[{"count":0,"href":"https:\/\/elargarmusical.com\/index.php?rest_route=\/wp\/v2\/posts\/5209\/revisions"}],"wp:featuredmedia":[{"embeddable":true,"href":"https:\/\/elargarmusical.com\/index.php?rest_route=\/wp\/v2\/media\/5212"}],"wp:attachment":[{"href":"https:\/\/elargarmusical.com\/index.php?rest_route=%2Fwp%2Fv2%2Fmedia&parent=5209"}],"wp:term":[{"taxonomy":"category","embeddable":true,"href":"https:\/\/elargarmusical.com\/index.php?rest_route=%2Fwp%2Fv2%2Fcategories&post=5209"},{"taxonomy":"post_tag","embeddable":true,"href":"https:\/\/elargarmusical.com\/index.php?rest_route=%2Fwp%2Fv2%2Ftags&post=5209"}],"curies":[{"name":"wp","href":"https:\/\/api.w.org\/{rel}","templated":true}]}}