{"id":5305,"date":"2024-07-09T11:19:02","date_gmt":"2024-07-09T11:19:02","guid":{"rendered":"http:\/\/elargarmusical.com\/?p=5305"},"modified":"2024-07-09T11:21:15","modified_gmt":"2024-07-09T11:21:15","slug":"5305","status":"publish","type":"post","link":"https:\/\/elargarmusical.com\/?p=5305","title":{"rendered":"El Argar Musical aplaza sus conciertos en Antas y mantiene los de Almer\u00eda y Cuevas"},"content":{"rendered":"<div class=\"bbnx-opening two-columns-default-width multimedia_opening_wide--100\">\n<header class=\"header\">\n<div class=\"subtitles\">\n<blockquote>\n<p class=\"subtitle-atom B-500-400-500-N mb-5\">Habr\u00e1 un concierto el 12 de septiembre en el Cervantes y el 15 de ese mes en Cuevas<\/p>\n<\/blockquote>\n<\/div>\n<\/header>\n<\/div>\n<div class=\"main-colleft\">\n<div class=\"bbnx-body prometeo-hideable two-columns-default-width\">\n<p class=\"paragraph-atom B-500-400-700-N B-500-400-700-N--md\">La Direcci\u00f3n del Festival\u00a0<strong>El Argar Musical\u00a0<\/strong>lamenta informar que, debido a problemas t\u00e9cnicos imprevistos, se ha tomado la decisi\u00f3n de aplazar el evento que estaba programado para los d\u00edas\u00a0<strong>2, 3 y 4 de agosto en Antas.<\/strong><\/p>\n<p class=\"paragraph-atom B-500-400-700-N B-500-400-700-N--md\">\u201cPedimos disculpas sinceras por las molestias que este contratiempo haya podido causar a todos los asistentes y a aquellos que hab\u00edan adquirido entradas para el festival. Agradecemos su comprensi\u00f3n y paciencia en este momento\u201d apunta Ana H\u00e4sler, directora del Festival.<\/p>\n<p class=\"paragraph-atom B-500-400-700-N B-500-400-700-N--md\">\u201cInstamos a todas las personas que hayan comprado entradas para los d\u00edas mencionados a que se pongan en contacto con nosotros a trav\u00e9s del correo electr\u00f3nico info@elargarmusical.com para solicitar la devoluci\u00f3n de los importes correspondientes, en caso de que no hayan recibido a\u00fan un correo electr\u00f3nico por parte del festival. El Argar Musical trabaja para presentar nuevas fechas en Antas con una programaci\u00f3n de primer nivel internacional y una experiencia \u00fanica en el principal yacimiento de la Cultura de El Argar en 2025\u201d, explica H\u00e4sler.<\/p>\n<p class=\"paragraph-atom B-500-400-700-N B-500-400-700-N--md\">Las personas interesadas en asistir a los pr\u00f3ximos eventos musicales pueden disfrutar del Recital \u201cJos\u00e9 Padilla Universal\u201d con la participaci\u00f3n de la Mezzosoprano\u00a0<strong>Ana H\u00e4sler<\/strong>\u00a0y el pianista\u00a0<strong>Antonio L\u00f3pez Serrano.<\/strong>\u00a0Ser\u00e1 el 12 de septiembre en el\u00a0<strong>Teatro Cervantes<\/strong>\u00a0de Almer\u00eda.<\/p>\n<p class=\"paragraph-atom B-500-400-700-N B-500-400-700-N--md\"><strong>La\u00a0<\/strong><em><strong>Gala Grandes Voces de la L\u00edrica<\/strong><\/em><strong>\u00a0ser\u00e1 el 15 de septiembre<\/strong>\u00a0en el Castillo del Marqu\u00e9s de los V\u00e9lez en\u00a0<strong>Cuevas del Almanzora<\/strong>. Participar\u00e1n la soprano\u00a0<strong>Carmen Larios<\/strong>, la mezzosoprano\u00a0<strong>Ana H\u00e4sler<\/strong>\u00a0y el tenor\u00a0<strong>Juan de Dios Mateos.<\/strong>\u00a0Para realizar el cambio de entradas o adquirir nuevas entradas, se puede escribir a info@elargarmusical.com o bien visitar la web: www.elargarmusical.com<\/p>\n<p class=\"paragraph-atom B-500-400-700-N B-500-400-700-N--md\">\u201cAgradecemos el apoyo y la comprensi\u00f3n de todos durante esta situaci\u00f3n y les mantendremos informados sobre cualquier novedad relacionada con el festival a trav\u00e9s de nuestros canales de comunicaci\u00f3n oficiales\u201d, sostiene H\u00e4sler. .<\/p>\n<p class=\"paragraph-atom B-500-400-700-N B-500-400-700-N--md\"><strong>El Argar Musical<\/strong> es un festival de m\u00fasica reconocido a nivel nacional que se celebra anualmente en la ciudad de Antas. El Argar Musical es una iniciativa dedicada a promover y difundir la m\u00fasica cl\u00e1sica y l\u00edrica en el contexto de la Ruta Arg\u00e1rica, una regi\u00f3n rica en historia y patrimonio cultural en Europa. A trav\u00e9s de una serie de conciertos y eventos que tienen lugar en el principal yacimiento de la Cultura de El Argar, situado en la localidad de Antas.<\/p>\n<p class=\"paragraph-atom B-500-400-700-N B-500-400-700-N--md\">El Argar Musical presenta actuaciones puntuales en otros municipios arg\u00e1ricos para la difusi\u00f3n y puesta en valor de dicho Patrimonio art\u00edstico y cultural. El evento busca resaltar el talento de artistas locales e internacionales, ofreciendo al p\u00fablico la oportunidad de disfrutar de interpretaciones excepcionales en escenarios hist\u00f3ricos \u00fanicos.<\/p>\n<p class=\"paragraph-atom B-500-400-700-N B-500-400-700-N--md\">Este proyecto no solo celebra la m\u00fasica, sino que tambi\u00e9n pretende conectar el pasado con el presente, integrando la belleza de los sitios arqueol\u00f3gicos y monumentos hist\u00f3ricos con la riqueza de la m\u00fasica cl\u00e1sica. La programaci\u00f3n incluye recitales, galas y presentaciones especiales que destacan por su calidad art\u00edstica.<\/p>\n<p class=\"paragraph-atom B-500-400-700-N B-500-400-700-N--md\"><strong>Ana H\u00e4sler<\/strong><\/p>\n<p class=\"paragraph-atom B-500-400-700-N B-500-400-700-N--md\">En el universo de la m\u00fasica l\u00edrica contempor\u00e1nea, pocos nombres brillan con la intensidad de\u00a0<strong>Ana H\u00e4sler<\/strong>. Acreditada como una de las mezzosopranos m\u00e1s destacadas de la actualidad, la carrera de esta multifac\u00e9tica y vers\u00e1til artista nacida en el seno de una reconocida familia de artistas de origen multicultural con ra\u00edces en Antas en Almer\u00eda, transcurre a lo largo de casi tres d\u00e9cadas por los m\u00e1s prestigiosos escenarios nacionales e internacionales, siendo un testimonio de talento, dedicaci\u00f3n y pasi\u00f3n por el arte.<\/p>\n<p class=\"paragraph-atom B-500-400-700-N B-500-400-700-N--md\">Ana fue alumna destacada de Do\u00f1a Teresa Berganza en la Escuela Superior de M\u00fasica Reina Sof\u00eda de Madrid, y su vasto repertorio incluye roles oper\u00edsticos, sinfon\u00edas y oratorios, as\u00ed como m\u00fasica de c\u00e1mara y canci\u00f3n en un amplio \u00e1mbito de estilos e idiomas que abarcan desde el Barroco hasta la M\u00fasica Contempor\u00e1nea. Relevantes compositores le han dedicado sus obras (Crist\u00f3bal y Pedro Halffter, Ant\u00f3n Garc\u00eda Abril, Miquel Ortega Pujol, Claudio Prieto, Juan Jos\u00e9 Falc\u00f3n Sanabria, Anna Bofill Levi o Claudia Herrer\u00edas, entre otros), algunos de los cuales le han regalado ciclos de canciones inspirados en versos de su hermano, el poeta Rodolfo H\u00e4sler. Paralelamente Ana H\u00e4sler realiza estrenos de compositores como Juan Manuel Marrero, Julia Dopico Vale, Ana Fontecha, Diana P\u00e9rez Custodio y Sa\u00fal Aguado de Aza.<\/p>\n<p class=\"paragraph-atom B-500-400-700-N B-500-400-700-N--md\">Sus grabaciones discogr\u00e1ficas re\u00fanen novedades y primicias mundiales de artistas legendarios como el norteamericano afincado en T\u00e1nger Paul Bowles (\u201cPaul Bowles y Espa\u00f1a\u201d, Columna M\u00fasica), \u201cCinco Canciones Negras\u201d de X. Montsalvatge (Sony Label), \u00d3pera \u201cDon Quijote\u201d de Crist\u00f3bal Halffter (Glossa Music), \u201cThe little Horses y otras Canciones de Cuna\u201d (Fundaci\u00f3n M\u00fasica Abierta de Valladolid) y \u201cPolifon\u00eda de Compositores\u201d (Instituto Cervantes de Bremen). H\u00e4sler inicia proyectos tan singulares como \u201cEl ladino hoy\u201d (que da la oportunidad a compositoras del mundo de poner m\u00fasica a los poemas contempor\u00e1neos en judeoespa\u00f1ol de la escritora mexicana de origen sefard\u00ed Myriam Moscona) o \u201cApocalipsis de la Esperanza y la Misericordia\u201d (un proyecto pict\u00f3rico-literario-musical basado en la obra hom\u00f3nima de su hermano, el artista visual Alejandro H\u00e4sler), y en 2022 funda El Argar Musical, un festival de M\u00fasica y Arte con sede en Antas que se promueve por la ruta almeriense, arqueol\u00f3gica y jacobea, de El Argar. Ana Hasler junto al pianista Antonio L\u00f3pez Serrano y el narrador Julio Francisco Gonz\u00e1lez Jim\u00e9nez, deleitar\u00e1n durante este espl\u00e9ndido recital con un selecto y bell\u00edsimo ramillete de melod\u00edas de un compositor de reconocimiento universal como Jos\u00e9 Padilla. Es la magia de unos artistas que presentan por vez primera en Almer\u00eda un repertorio que brinda una ocasi\u00f3n \u00fanica para disfrutar de la maestr\u00eda y el legado musical del Maestro Padilla como nunca antes se hab\u00eda escuchado.<\/p>\n<\/div>\n<p>Fuente: <em><a href=\"https:\/\/www.diariodealmeria.es\/ocio\/argar-musical-aplaza-conciertos-antas_0_2001434742.html\" target=\"_blank\" rel=\"noopener\">El diario de Almer\u00eda<\/a><\/em><\/p>\n<\/div>\n","protected":false},"excerpt":{"rendered":"<p>Habr\u00e1 un concierto el 12 de septiembre en el Cervantes y el 15 de ese mes en Cuevas La Direcci\u00f3n del Festival\u00a0El Argar Musical\u00a0lamenta informar que, debido a problemas t\u00e9cnicos imprevistos, se ha tomado la decisi\u00f3n de aplazar el evento que estaba programado para los d\u00edas\u00a02, 3 y 4 de agosto en Antas. \u201cPedimos disculpas [&hellip;]<\/p>\n","protected":false},"author":1,"featured_media":5210,"comment_status":"open","ping_status":"open","sticky":false,"template":"","format":"standard","meta":{"footnotes":""},"categories":[32],"tags":[],"class_list":["post-5305","post","type-post","status-publish","format-standard","has-post-thumbnail","hentry","category-noticias"],"_links":{"self":[{"href":"https:\/\/elargarmusical.com\/index.php?rest_route=\/wp\/v2\/posts\/5305","targetHints":{"allow":["GET"]}}],"collection":[{"href":"https:\/\/elargarmusical.com\/index.php?rest_route=\/wp\/v2\/posts"}],"about":[{"href":"https:\/\/elargarmusical.com\/index.php?rest_route=\/wp\/v2\/types\/post"}],"author":[{"embeddable":true,"href":"https:\/\/elargarmusical.com\/index.php?rest_route=\/wp\/v2\/users\/1"}],"replies":[{"embeddable":true,"href":"https:\/\/elargarmusical.com\/index.php?rest_route=%2Fwp%2Fv2%2Fcomments&post=5305"}],"version-history":[{"count":0,"href":"https:\/\/elargarmusical.com\/index.php?rest_route=\/wp\/v2\/posts\/5305\/revisions"}],"wp:featuredmedia":[{"embeddable":true,"href":"https:\/\/elargarmusical.com\/index.php?rest_route=\/wp\/v2\/media\/5210"}],"wp:attachment":[{"href":"https:\/\/elargarmusical.com\/index.php?rest_route=%2Fwp%2Fv2%2Fmedia&parent=5305"}],"wp:term":[{"taxonomy":"category","embeddable":true,"href":"https:\/\/elargarmusical.com\/index.php?rest_route=%2Fwp%2Fv2%2Fcategories&post=5305"},{"taxonomy":"post_tag","embeddable":true,"href":"https:\/\/elargarmusical.com\/index.php?rest_route=%2Fwp%2Fv2%2Ftags&post=5305"}],"curies":[{"name":"wp","href":"https:\/\/api.w.org\/{rel}","templated":true}]}}