{"id":5326,"date":"2024-08-11T09:03:56","date_gmt":"2024-08-11T09:03:56","guid":{"rendered":"http:\/\/elargarmusical.com\/?p=5326"},"modified":"2024-08-11T09:05:38","modified_gmt":"2024-08-11T09:05:38","slug":"ana-hasler-con-jose-padilla-estamos-ante-un-monstruo-de-la-historia-de-la-musica","status":"publish","type":"post","link":"https:\/\/elargarmusical.com\/?p=5326","title":{"rendered":"Ana H\u00e4sler: \u201cCon Jos\u00e9 Padilla estamos ante un monstruo de la historia de la m\u00fasica\u201d"},"content":{"rendered":"<div class=\"bbnx-opening two-columns-default-width multimedia_opening_wide--100\">\n<header class=\"header\">\n<div class=\"subtitles\">\n<h2 class=\"subtitle-atom B-500-400-500-N mb-5\" data-mrf-recirculation=\"Enlace entradilla\">La mezzosoprano es seleccionada para un proyecto especial de la Fundaci\u00f3n Valpara\u00edso de Moj\u00e1car en septiembre que celebra el 95 aniversario de su fundadora, Beatrice Beckett<\/h2>\n<\/div>\n<\/header>\n<\/div>\n<div class=\"main-colleft\">\n<div class=\"bbnx-body prometeo-hideable two-columns-default-width\">\n<p class=\"paragraph-atom B-500-400-700-N B-500-400-700-N--md\" data-mrf-recirculation=\"Enlaces\"><strong>\u2013Ha sido seleccionada para un proyecto muy especial de la Fundaci\u00f3n Valpara\u00edso de Moj\u00e1car en septiembre que celebra el 95 aniversario de su fundadora, Beatrice Beckett \u00bfEn qu\u00e9 consiste este proyecto?<\/strong><\/p>\n<p class=\"paragraph-atom B-500-400-700-N B-500-400-700-N--md\" data-mrf-recirculation=\"Enlaces\">-Me siento muy afortunada de ser unas de las diecisiete artistas seleccionadas de Europa, \u00c1frica y Norteam\u00e9rica para celebrar el 95 aniversario de una gran mujer como Beatrice Beckett en una residencia de una semana en la que se va a filmar una pel\u00edcula. Es un alma sensible e inteligente dedicada al fomento del talento art\u00edstico. Sintonizo de forma especial con ese espl\u00e9ndido lugar pues he crecido rodeada de artistas, mi casa familiar siempre ha sido un centro de arte vivo y en activo, en el que han venido a visitarnos y a residir centenares de artistas de todos los \u00e1mbitos desde que tengo uso de raz\u00f3n.<\/p>\n<p class=\"paragraph-atom B-500-400-700-N B-500-400-700-N--md\" data-mrf-recirculation=\"Enlaces\"><strong>-\u00bfCu\u00e1l es la idea que ha presentado en este proyecto?<\/strong><\/p>\n<p class=\"paragraph-atom B-500-400-700-N B-500-400-700-N--md\" data-mrf-recirculation=\"Enlaces\">-He presentado la idea de mostrar durante la semana de la celebraci\u00f3n mi particular m\u00e9todo de trabajo para preparar las actuaciones. Tocando todos los aspectos relacionados con el instrumento del canto, que es el m\u00e1s misterioso y complejo que existe: aspectos t\u00e9cnicos, psicol\u00f3gicos, f\u00edsicos, interpretativos, mentales, el trabajo de la memoria y de la declamaci\u00f3n de los textos, la relajaci\u00f3n corporal, la pronunciaci\u00f3n de los idiomas, y podr\u00edan mencionarse m\u00e1s aspectos. No existe un instrumento con tantas aristas y todas deben de funcionar a la perfecci\u00f3n para que la rueda gire engrasada y en armon\u00eda.<\/p>\n<p class=\"paragraph-atom B-500-400-700-N B-500-400-700-N--md\" data-mrf-recirculation=\"Enlaces\"><strong>-\u00bfQu\u00e9 significa para usted formar parte de esta pel\u00edcula?<\/strong><\/p>\n<p class=\"paragraph-atom B-500-400-700-N B-500-400-700-N--md\" data-mrf-recirculation=\"Enlaces\">-Un verdadero regalo y totalmente inesperado, algo as\u00ed como un gran premio. Pues, puse en marcha el III Curso de T\u00e9cnica e Interpretaci\u00f3n de Canto L\u00edrico del Festival El Argar Musical en colaboraci\u00f3n con esta Fundaci\u00f3n en julio, curso que finalmente no fue posible realizar. Por eso, cuando me lleg\u00f3 el email del director del proyecto, el canadiense Cam Christiansen, con la noticia, mi felicidad fue inmensa. Es una idea y un proyecto maravillosos, que quedar\u00e1 registrado para la posteridad.<\/p>\n<p class=\"paragraph-atom B-500-400-700-N B-500-400-700-N--md\" data-mrf-recirculation=\"Enlaces\"><strong>-Pocos d\u00edas despu\u00e9s se presenta el III Festival El Argar Musical en Almer\u00eda y en Cuevas del Almanzora.<\/strong><\/p>\n<p class=\"paragraph-atom B-500-400-700-N B-500-400-700-N--md\" data-mrf-recirculation=\"Enlaces\">-Se trata de dos conciertos \u00fanicos. El 12 de septiembre Antonio L\u00f3pez Serrano y yo, con la colaboraci\u00f3n del music\u00f3logo Julio Gonz\u00e1lez Jim\u00e9nez, recrearemos en el Teatro Cervantes de Almer\u00eda un selecto programa de recital titulado\u00a0<em>Jos\u00e9 Padilla Universal<\/em>. Se trata de un seleccionad\u00edsimo repertorio internacional que he recopilado con mucho mimo a lo largo de tres a\u00f1os con la ayuda de la heredera del compositor, Eugenia Montero Padilla, y con alguna que otra intervenci\u00f3n de coleccionistas y music\u00f3logos, como el propio Julio Gonz\u00e1lez. Es sin duda una oportunidad \u00fanica para el p\u00fablico almeriense de conocer a fondo a uno de sus artistas m\u00e1s famosos y cosmopolitas, a quien un Maurice Ravel pon\u00eda de ejemplo en sus clases de composici\u00f3n en el Conservatorio de Par\u00eds. Su alma viajera y su sensibilidad musical, junto con el apote\u00f3sico triunfo en vida y el estreno de sus obras en la capital parisina, en la flamante Belle \u00c9poque, determinaron el profundo calado de sus melod\u00edas en el mundo entero gracias a artistas de la talla de Raquel Meyer. No en balde la UNESCO ha declarado el conjunto de su obra musical \u201cde inter\u00e9s universal\u201d.<\/p>\n<p class=\"paragraph-atom B-500-400-700-N B-500-400-700-N--md\" data-mrf-recirculation=\"Enlaces\"><strong>-El 15 de septiembre el Anfiteatro del Castillo del Marqu\u00e9s de los V\u00e9lez de Cuevas del Almanzora acoger\u00e1 la Gala L\u00edrica \u2018Ana H\u00e4sler y Amigos\u2019.<\/strong><\/p>\n<p class=\"paragraph-atom B-500-400-700-N B-500-400-700-N--md\" data-mrf-recirculation=\"Enlaces\">-As\u00ed es. El p\u00fablico asistente podr\u00e1 disfrutar de una visita guiada al Espacio Expositivo Luis Siret, que contiene una importante Colecci\u00f3n Arg\u00e1rica, de la mano de la directora de contenidos arqueol\u00f3gicos, Laura Larios. Para disfrutar a continuaci\u00f3n con las mejores voces l\u00edricas almerienses en el espacio esc\u00e9nico de este magn\u00edfico patio de armas del castillo: la soprano Carmen Larios, el tenor Juan de Dios Mateos y el pianista Antonio L\u00f3pez Serrano, a quienes tendr\u00e9 el placer de acompa\u00f1ar en un precioso programa de canciones, arias y d\u00faos de \u00d3pera y Zarzuela. Una noche inolvidable bajo las estrellas que promete ser m\u00e1gica.<\/p>\n<p class=\"paragraph-atom B-500-400-700-N B-500-400-700-N--md\" data-mrf-recirculation=\"Enlaces\"><strong>-El Festival inicia as\u00ed su promoci\u00f3n de la Ruta Arg\u00e1rica&#8230;<\/strong><\/p>\n<p class=\"paragraph-atom B-500-400-700-N B-500-400-700-N--md\" data-mrf-recirculation=\"Enlaces\">-Tanto Almer\u00eda como Cuevas del Almanzora y Antas forman parte de la Ruta Argar del Camino de Santiago. Este camino jacobeo es muy reciente y queda todav\u00eda mucho que hacer para darlo a conocer, lo est\u00e1n haciendo los peregrinos. Antas es de los pocos pueblos del camino que ha puesto a disposici\u00f3n de los peregrinos un albergue: el antiguo Convento de las Hermanas de la Caridad del pueblo. Un lugar que me fue cedido para alojar a los alumnos del II Curso de Canto L\u00edrico de El Argar Musical que impartimos Miquel Ortega y yo. Pero no todas las paradas del Camino Argar poseen un albergue para el peregrino y desde aqu\u00ed quiero hacer un llamamiento a los pueblos que todav\u00eda pueden poner un lugar para el descanso a disposici\u00f3n de esta noble causa, como N\u00edjar, Carboneras, Moj\u00e1car, Garrucha, Vera, Cuevas de Almanzora, Hu\u00e9rcal-Overa, Almendricos y Lorca.<\/p>\n<p class=\"paragraph-atom B-500-400-700-N B-500-400-700-N--md\" data-mrf-recirculation=\"Enlaces\"><strong>-\u00bfC\u00f3mo han concebido el Recital Jos\u00e9 Padilla Universal?<\/strong><\/p>\n<p class=\"paragraph-atom B-500-400-700-N B-500-400-700-N--md\" data-mrf-recirculation=\"Enlaces\">-Con Jos\u00e9 Padilla estamos ante un monstruo de la historia de la m\u00fasica de todos los tiempos. Para demostrarlo, s\u00f3lo hacen falta dos cosas: voz y talento. No est\u00e1 pasado de moda ni es \u201cde otras \u00e9pocas\u201d. Como el buen cine (arte del siglo XX por excelencia) siempre es actual. Y, para ello, basta con interpretar y desmitificar. Como ejemplo, recuerdo cuando debut\u00e9 el recital \u201cMis Ra\u00edces\u201d en el Festival de M\u00fasica Espa\u00f1ola de C\u00e1diz en 2021. A su director, Manuel Ferrand, le encant\u00f3 mi versi\u00f3n de \u201cLa Violetera\u201d de Padilla y dijo que la cant\u00e9 \u201ccomo deb\u00eda ser\u201d. Se refer\u00eda a la naturalidad y al despoje de los elementos t\u00edpicos que suelen acompa\u00f1ar a este repertorio. Pero no s\u00f3lo, tambi\u00e9n tiene que ver con una actitud.<\/p>\n<p class=\"paragraph-atom B-500-400-700-N B-500-400-700-N--md\" data-mrf-recirculation=\"Enlaces\"><strong>-\u00bfHay una Violetera suya en la que canta vestida de reina arg\u00e1rica?<\/strong><\/p>\n<p class=\"paragraph-atom B-500-400-700-N B-500-400-700-N--md\" data-mrf-recirculation=\"Enlaces\">-S\u00ed. Esta canci\u00f3n en concreto la he interpretado en El Argar de Antas ataviada con la indumentaria de las mujeres de la clase dirigente de hace cuatro mil a\u00f1os, \u201cla reina arg\u00e1rica\u201d. Una vestimenta confeccionada por mujeres de este pueblo. Esto es otra forma de romper esquemas diferente, a la que me presto con mucho gusto, ya que contribuye a la labor de difusi\u00f3n que el pueblo de Antas realiza con la recreaci\u00f3n hist\u00f3rica de los arg\u00e1ricos.<\/p>\n<\/div>\n<p data-mrf-recirculation=\"Enlaces\">Fuente: <a href=\"https:\/\/www.diariodealmeria.es\/ocio\/ana-haesler-jose-padilla-monstruo_0_2002204119.html\">www.diariodealmeria.es<\/a><\/p>\n<\/div>\n","protected":false},"excerpt":{"rendered":"<p>La mezzosoprano es seleccionada para un proyecto especial de la Fundaci\u00f3n Valpara\u00edso de Moj\u00e1car en septiembre que celebra el 95 aniversario de su fundadora, Beatrice Beckett \u2013Ha sido seleccionada para un proyecto muy especial de la Fundaci\u00f3n Valpara\u00edso de Moj\u00e1car en septiembre que celebra el 95 aniversario de su fundadora, Beatrice Beckett \u00bfEn qu\u00e9 consiste [&hellip;]<\/p>\n","protected":false},"author":1,"featured_media":5327,"comment_status":"open","ping_status":"open","sticky":false,"template":"","format":"standard","meta":{"footnotes":""},"categories":[1],"tags":[],"class_list":["post-5326","post","type-post","status-publish","format-standard","has-post-thumbnail","hentry","category-uncategorized"],"_links":{"self":[{"href":"https:\/\/elargarmusical.com\/index.php?rest_route=\/wp\/v2\/posts\/5326","targetHints":{"allow":["GET"]}}],"collection":[{"href":"https:\/\/elargarmusical.com\/index.php?rest_route=\/wp\/v2\/posts"}],"about":[{"href":"https:\/\/elargarmusical.com\/index.php?rest_route=\/wp\/v2\/types\/post"}],"author":[{"embeddable":true,"href":"https:\/\/elargarmusical.com\/index.php?rest_route=\/wp\/v2\/users\/1"}],"replies":[{"embeddable":true,"href":"https:\/\/elargarmusical.com\/index.php?rest_route=%2Fwp%2Fv2%2Fcomments&post=5326"}],"version-history":[{"count":0,"href":"https:\/\/elargarmusical.com\/index.php?rest_route=\/wp\/v2\/posts\/5326\/revisions"}],"wp:featuredmedia":[{"embeddable":true,"href":"https:\/\/elargarmusical.com\/index.php?rest_route=\/wp\/v2\/media\/5327"}],"wp:attachment":[{"href":"https:\/\/elargarmusical.com\/index.php?rest_route=%2Fwp%2Fv2%2Fmedia&parent=5326"}],"wp:term":[{"taxonomy":"category","embeddable":true,"href":"https:\/\/elargarmusical.com\/index.php?rest_route=%2Fwp%2Fv2%2Fcategories&post=5326"},{"taxonomy":"post_tag","embeddable":true,"href":"https:\/\/elargarmusical.com\/index.php?rest_route=%2Fwp%2Fv2%2Ftags&post=5326"}],"curies":[{"name":"wp","href":"https:\/\/api.w.org\/{rel}","templated":true}]}}