{"id":5388,"date":"2025-01-02T17:33:02","date_gmt":"2025-01-02T17:33:02","guid":{"rendered":"https:\/\/elargarmusical.com\/?p=5388"},"modified":"2025-01-02T17:33:21","modified_gmt":"2025-01-02T17:33:21","slug":"ana-hasler-exportara-el-legado-del-almeriense-al-mayor-festival-escuela-de-america-latina","status":"publish","type":"post","link":"https:\/\/elargarmusical.com\/?p=5388","title":{"rendered":"Ana H\u00e4sler exportar\u00e1 el legado del almeriense al mayor festival-escuela de Am\u00e9rica latina"},"content":{"rendered":"<p><b>El legado musical del almeriense Jos\u00e9 Padilla<\/b>, uno de los compositores m\u00e1s emblem\u00e1ticos de la historia de la m\u00fasica espa\u00f1ola,<b>\u00a0sigue cruzando fronteras.<\/b>\u00a0Este enero,\u00a0<b>la obra del maestro almeriense llega a Brasil,<\/b>\u00a0en el marco del prestigioso Festival de M\u00fasica de Santa Catarina (FEMUSC), que celebra su 20 aniversario. Este evento internacional, tendr\u00e1 lugar\u00a0<b>entre el 12 y el 25 de enero de 2025<\/b>, se convierte en una nueva plataforma para rendir homenaje a la m\u00fasica de Padilla, cuyo impacto sigue siendo incalculable, no solo en Espa\u00f1a sino tambi\u00e9n en el mundo entero.<\/p>\n<p>Jos\u00e9 Padilla, nacido en Almer\u00eda en 1889, dej\u00f3 una huella imborrable con composiciones como Valencia, La Violetera o El relicario, que se han convertido en himnos de la m\u00fasica popular espa\u00f1ola. Estas melod\u00edas cruzaron oc\u00e9anos y fueron interpretadas por artistas de la talla de Maurice Chevalier, Sara Montiel y B\u00e1rbara Streisand, as\u00ed como en pel\u00edculas de renombrados directores como Ridley Scott y Federico Fellini. A d\u00eda de hoy,<b>\u00a0su m\u00fasica sigue viva en diversos escenarios internacionales, como el FEMUSC,<\/b>\u00a0donde se interpretar\u00e1n varias de sus piezas m\u00e1s conocidas.<\/p>\n<p>El FEMUSC, conocido como\u00a0<b>el mayor festival-escuela de Am\u00e9rica Latina<\/b>, celebra este 2025<b>\u00a0su XX aniversario<\/b>\u00a0reuniendo como cada a\u00f1o, a 500 estudiantes de casi todos los estados brasile\u00f1os y de m\u00e1s de 30 pa\u00edses, durante 14 d\u00edas de aprendizaje, intercambios culturales y mucha m\u00fasica con profesores de las orquestas de m\u00e1s renombre en el mundo. La comunidad de Jaragu\u00e1 do Sul y la regi\u00f3n acoge con entusiasmo el festival, llenando los\u00a0<b>200 conciertos gratuitos que se realizan en el Centro Cultural SCAR\u00a0<\/b>y en diversos espacios de la ciudad, alcanzando un p\u00fablico de m\u00e1s de 30 mil personas y dejando un legado duradero. en la regi\u00f3n y en la vida de cada estudiante.<\/p>\n<p><b>La mezzosoprano, Ana H\u00e4sler que lleva a\u00f1os formando parte del FEMUSC como maestra de canto l\u00edrico y solista<\/b>, ha logrado consolidarse como una de las int\u00e9rpretes m\u00e1s destacadas de la escena internacional. A lo largo de su carrera,<b>\u00a0ha llevado la m\u00fasica espa\u00f1ola a importantes escenarios de Europa y Am\u00e9rica,<\/b>\u00a0destac\u00e1ndose por su pasi\u00f3n y compromiso\u00a0<b>con la difusi\u00f3n de compositores como Padilla<\/b>. Su participaci\u00f3n en este festival no solo es una oportunidad para honrar la m\u00fasica del maestro almeriense, sino tambi\u00e9n para compartir su arte con nuevas generaciones de m\u00fasicos en Brasil y continuar promoviendo la cultura espa\u00f1ola. El papel de artistas como Ana H\u00e4sler es fundamental para asegurar que la m\u00fasica de Padilla siga viajando por el mundo y llegue a nuevos p\u00fablicos, consolid\u00e1ndose como un referente de la cultura espa\u00f1ola.<\/p>\n<p>Padilla, quien vivi\u00f3 en ciudades como Barcelona, Buenos Aires y Par\u00eds, logr\u00f3 llevar su m\u00fasica a escenarios tan emblem\u00e1ticos como el Moulin Rouge y el Folies Berg\u00e8re, donde sus composiciones se interpretaron para el deleite de p\u00fablicos internacionales. M\u00e1s de 60 a\u00f1os despu\u00e9s de su fallecimiento,\u00a0<b>su influencia sigue presente<\/b>, y su obra contin\u00faa siendo celebrada en ciudades como Almer\u00eda, donde el Auditorio Municipal lleva su nombre en honor a su contribuci\u00f3n a la m\u00fasica.<\/p>\n<p>En resumen, este 2025, la m\u00fasica de Jos\u00e9 Padilla contin\u00faa su viaje internacional, demostrando que su legado, m\u00e1s de seis d\u00e9cadas despu\u00e9s de su muerte, sigue siendo una parte fundamental de la cultura global. A trav\u00e9s de festivales como el FEMUSC, y con la dedicaci\u00f3n de artistas como Ana H\u00e4sler,<b>\u00a0la m\u00fasica de Padilla sigue conquistando nuevos corazones,<\/b>\u00a0reafirmando su lugar en la historia de la m\u00fasica universal. De hecho proximamente, la cantante l\u00edrica almeriense Ana H\u00e1sler, tiene previsto un nuevo recital en honor al maestro Padilla el pr\u00f3ximo 18 de julio en el Teatro Cervantes de Almer\u00eda.<\/p>\n","protected":false},"excerpt":{"rendered":"<p>El legado musical del almeriense Jos\u00e9 Padilla, uno de los compositores m\u00e1s emblem\u00e1ticos de la historia de la m\u00fasica espa\u00f1ola,\u00a0sigue cruzando fronteras.\u00a0Este enero,\u00a0la obra del maestro almeriense llega a Brasil,\u00a0en el marco del prestigioso Festival de M\u00fasica de Santa Catarina (FEMUSC), que celebra su 20 aniversario. Este evento internacional, tendr\u00e1 lugar\u00a0entre el 12 y el [&hellip;]<\/p>\n","protected":false},"author":1,"featured_media":5389,"comment_status":"open","ping_status":"open","sticky":false,"template":"","format":"standard","meta":{"footnotes":""},"categories":[32],"tags":[],"class_list":["post-5388","post","type-post","status-publish","format-standard","has-post-thumbnail","hentry","category-noticias"],"_links":{"self":[{"href":"https:\/\/elargarmusical.com\/index.php?rest_route=\/wp\/v2\/posts\/5388","targetHints":{"allow":["GET"]}}],"collection":[{"href":"https:\/\/elargarmusical.com\/index.php?rest_route=\/wp\/v2\/posts"}],"about":[{"href":"https:\/\/elargarmusical.com\/index.php?rest_route=\/wp\/v2\/types\/post"}],"author":[{"embeddable":true,"href":"https:\/\/elargarmusical.com\/index.php?rest_route=\/wp\/v2\/users\/1"}],"replies":[{"embeddable":true,"href":"https:\/\/elargarmusical.com\/index.php?rest_route=%2Fwp%2Fv2%2Fcomments&post=5388"}],"version-history":[{"count":2,"href":"https:\/\/elargarmusical.com\/index.php?rest_route=\/wp\/v2\/posts\/5388\/revisions"}],"predecessor-version":[{"id":5391,"href":"https:\/\/elargarmusical.com\/index.php?rest_route=\/wp\/v2\/posts\/5388\/revisions\/5391"}],"wp:featuredmedia":[{"embeddable":true,"href":"https:\/\/elargarmusical.com\/index.php?rest_route=\/wp\/v2\/media\/5389"}],"wp:attachment":[{"href":"https:\/\/elargarmusical.com\/index.php?rest_route=%2Fwp%2Fv2%2Fmedia&parent=5388"}],"wp:term":[{"taxonomy":"category","embeddable":true,"href":"https:\/\/elargarmusical.com\/index.php?rest_route=%2Fwp%2Fv2%2Fcategories&post=5388"},{"taxonomy":"post_tag","embeddable":true,"href":"https:\/\/elargarmusical.com\/index.php?rest_route=%2Fwp%2Fv2%2Ftags&post=5388"}],"curies":[{"name":"wp","href":"https:\/\/api.w.org\/{rel}","templated":true}]}}