{"id":5392,"date":"2025-01-07T19:25:19","date_gmt":"2025-01-07T19:25:19","guid":{"rendered":"https:\/\/elargarmusical.com\/?p=5392"},"modified":"2025-01-07T19:33:38","modified_gmt":"2025-01-07T19:33:38","slug":"ana-hasler-llevara-la-musica-del-maestro-jose-padilla-hasta-el-femusc-de-brasil","status":"publish","type":"post","link":"https:\/\/elargarmusical.com\/?p=5392","title":{"rendered":"Ana H\u00e4sler llevar\u00e1 la m\u00fasica del maestro Jos\u00e9 Padilla hasta el FEMUSC de Brasil"},"content":{"rendered":"<p>La mezzosoprano es la directora del Festival El Argar Musical que se hace en Antas y Cuevas<\/p>\n<p>La mezzosoprano internacional Ana H\u00e4sler, artista de renombre y maestra de canto l\u00edrico con profundas ra\u00edces en Almer\u00eda, inicia 2025 con un destacado recorrido art\u00edstico que confirma su compromiso como embajadora de la m\u00fasica del Maestro Jos\u00e9 Padilla y como int\u00e9rprete de referencia en el panorama internacional.<\/p>\n<p>Tras su \u00e9xito en la tercera edici\u00f3n del Festival El Argar Musical, celebrado en Antas y dedicado a la figura de Jos\u00e9 Padilla Universal, H\u00e4sler llevar\u00e1 las melod\u00edas del c\u00e9lebre compositor espa\u00f1ol al prestigioso FEMUSC (Festival de M\u00fasica de Santa Catarina) en Brasil. Este evento, reconocido como el mayor Festival-Escuela de Am\u00e9rica Latina, celebrar\u00e1 su 20 aniversario del 12 al 25 de enero de 2025.<\/p>\n<p>Con cerca de un millar de alumnos y un claustro de profesores que incluye primeras sillas de las orquestas m\u00e1s prestigiosas del mundo, el FEMUSC es un acontecimiento \u00fanico. Desde 2015, Ana H\u00e4sler forma parte de este evento como maestra de canto l\u00edrico y solista, consolid\u00e1ndose como una figura clave en su desarrollo.<\/p>\n<p>Este a\u00f1o, adem\u00e1s de interpretar las obras de Padilla, H\u00e4sler volver\u00e1 a abordar la Sinfon\u00eda n.\u00ba 4 de Gustav Mahler, bajo la batuta del renombrado director y obo\u00edsta Gordon Hunt, miembro de la London Philharmonia Orchestra.<\/p>\n<p>En paralelo a su participaci\u00f3n en Brasil, Ana H\u00e4sler continuar\u00e1 difundiendo el legado de Jos\u00e9 Padilla con el recital Jos\u00e9 Padilla Universal, acompa\u00f1ada por el pianista Antonio L\u00f3pez Serrano. Este programa, aclamado por su excelencia art\u00edstica, llegar\u00e1 a escenarios tanto en Espa\u00f1a como en el extranjero, reafirmando el compromiso de la mezzosoprano desde los inicios de su carrera internacional con la promoci\u00f3n de la m\u00fasica espa\u00f1ola en todo el mundo.<\/p>\n<p>La trayectoria de Ana H\u00e4sler tambi\u00e9n est\u00e1 estrechamente ligada al Festival El Argar Musical, que dirige desde su fundaci\u00f3n en 2022. Este evento, celebrado en el pueblo de Antas (y exportado a d\u00eda de hoy a Cuevas del Almanzora), ha sido fundamental para atraer a mel\u00f3manos y turistas culturales de toda Espa\u00f1a, generando un impacto significativo en el pueblo y en la regi\u00f3n. Con artistas y maestros de la talla de \u00c0ngel \u00d2dena, Montse Mart\u00ed Caball\u00e9, Miquel Ortega Pujol, David Casanova L\u00f3pez, Betsy Remedios o la propia Ana H\u00e4sler, el festival no solo ha elevado el perfil cultural de Almer\u00eda, sino que tambi\u00e9n ha contribuido a la valorizaci\u00f3n del patrimonio hist\u00f3rico de El Argar, la cultura m\u00e1s relevante de la Edad del Bronce en Europa.<\/p>\n<p>De cara a este nuevo a\u00f1o 2025, El Argar Musical promete grandes novedades que seguir\u00e1n consolidando a este gran festival como un referente en el \u00e1mbito art\u00edstico y cultural, impulsando la riqueza hist\u00f3rica de Almer\u00eda a trav\u00e9s del talento de figuras como Ana H\u00e4sler.<\/p>\n","protected":false},"excerpt":{"rendered":"<p>La mezzosoprano es la directora del Festival El Argar Musical que se hace en Antas y Cuevas La mezzosoprano internacional Ana H\u00e4sler, artista de renombre y maestra de canto l\u00edrico con profundas ra\u00edces en Almer\u00eda, inicia 2025 con un destacado recorrido art\u00edstico que confirma su compromiso como embajadora de la m\u00fasica del Maestro Jos\u00e9 Padilla [&hellip;]<\/p>\n","protected":false},"author":1,"featured_media":5394,"comment_status":"open","ping_status":"open","sticky":false,"template":"","format":"standard","meta":{"footnotes":""},"categories":[32],"tags":[],"class_list":["post-5392","post","type-post","status-publish","format-standard","has-post-thumbnail","hentry","category-noticias"],"_links":{"self":[{"href":"https:\/\/elargarmusical.com\/index.php?rest_route=\/wp\/v2\/posts\/5392","targetHints":{"allow":["GET"]}}],"collection":[{"href":"https:\/\/elargarmusical.com\/index.php?rest_route=\/wp\/v2\/posts"}],"about":[{"href":"https:\/\/elargarmusical.com\/index.php?rest_route=\/wp\/v2\/types\/post"}],"author":[{"embeddable":true,"href":"https:\/\/elargarmusical.com\/index.php?rest_route=\/wp\/v2\/users\/1"}],"replies":[{"embeddable":true,"href":"https:\/\/elargarmusical.com\/index.php?rest_route=%2Fwp%2Fv2%2Fcomments&post=5392"}],"version-history":[{"count":1,"href":"https:\/\/elargarmusical.com\/index.php?rest_route=\/wp\/v2\/posts\/5392\/revisions"}],"predecessor-version":[{"id":5393,"href":"https:\/\/elargarmusical.com\/index.php?rest_route=\/wp\/v2\/posts\/5392\/revisions\/5393"}],"wp:featuredmedia":[{"embeddable":true,"href":"https:\/\/elargarmusical.com\/index.php?rest_route=\/wp\/v2\/media\/5394"}],"wp:attachment":[{"href":"https:\/\/elargarmusical.com\/index.php?rest_route=%2Fwp%2Fv2%2Fmedia&parent=5392"}],"wp:term":[{"taxonomy":"category","embeddable":true,"href":"https:\/\/elargarmusical.com\/index.php?rest_route=%2Fwp%2Fv2%2Fcategories&post=5392"},{"taxonomy":"post_tag","embeddable":true,"href":"https:\/\/elargarmusical.com\/index.php?rest_route=%2Fwp%2Fv2%2Ftags&post=5392"}],"curies":[{"name":"wp","href":"https:\/\/api.w.org\/{rel}","templated":true}]}}