{"id":5538,"date":"2025-05-22T08:17:11","date_gmt":"2025-05-22T08:17:11","guid":{"rendered":"https:\/\/elargarmusical.com\/?p=5538"},"modified":"2025-05-22T08:17:11","modified_gmt":"2025-05-22T08:17:11","slug":"la-mezzosoprano-ana-hasler-actua-en-la-gala-a-beneficio-de-la-asociacion-del-autismo-de-mojacar","status":"publish","type":"post","link":"https:\/\/elargarmusical.com\/?p=5538","title":{"rendered":"La mezzosoprano Ana H\u00e4sler act\u00faa en la Gala a beneficio de la Asociaci\u00f3n del Autismo de Moj\u00e1car"},"content":{"rendered":"<p>Esta noche, el cortijo Media Legua de Vera se convierte en el escenario de la I Gran Gala Solidaria, un evento cultural y ben\u00e9fico creado con el prop\u00f3sito de recaudar fondos para la Asociaci\u00f3n del Autismo de Moj\u00e1car. La cita contar\u00e1 con la participaci\u00f3n estelar de la mezzosoprano internacional Ana H\u00e4sler, una de las voces m\u00e1s reconocidas de la l\u00edrica contempor\u00e1nea.<\/p>\n<p>De ra\u00edces almerienses, Ana H\u00e4sler ha forjado una brillante carrera internacional, interpretando en los m\u00e1s grandes teatros y festivales del mundo. Su voz, aclamada por su belleza y expresividad, ha sido la elegida por compositores de renombre como Ant\u00f3n Garc\u00eda Abril y Miquel Ortega Pujol para el estreno de sus obras.<\/p>\n<p>Apasionada defensora de la creaci\u00f3n contempor\u00e1nea, H\u00e4sler es tambi\u00e9n promotora de un destacado proyecto cultural en la comarca arg\u00e1rica, que desde hace cuatro a\u00f1os atrae a turistas culturales y mel\u00f3manos de primer nivel: El Argar Musical. La artista dar\u00e1 unas peque\u00f1as pinceladas sobre la fascinante programaci\u00f3n que est\u00e1 a punto de salir a la luz. De momento, pueden adquirirse ya las entradas para su recital Jos\u00e9 Padilla Universal junto al pianista Antonio L\u00f3pez del 18 de julio en el Teatro Cervantes de Almer\u00eda.<\/p>\n<p>Una oportunidad \u00fanica de descubrir al ilustre compositor y almeriense universal, tan poco divulgado en su tierra natal. Ana H\u00e4sler realizada una importante labor de difusi\u00f3n de su obra a trav\u00e9s de recitales como el de julio en la capital almeriense, que se podr\u00e1 tambi\u00e9n escuchar el 19 de octubre en el Kursaal de Melilla.<\/p>\n<p>La gala contar\u00e1 adem\u00e1s con la presencia del conocido escultor Mart\u00edn Lagares y de destacados representantes de la m\u00fasica popular como el carism\u00e1tico Manu Tenorio, cuya sensibilidad art\u00edstica promete emocionar al p\u00fablico, y excelentes m\u00fasicos locales como los guitarristas Luis Mar\u00eda Gonz\u00e1lez Parra y Aitor G\u00f3mez, que aportar\u00e1n su talento y compromiso a esta causa solidaria.<\/p>\n<p>\u201cParticipar es salvar vidas\u201d. Esta gala es mucho m\u00e1s que un espect\u00e1culo: es una oportunidad para colaborar con una causa vital, apoyar a las familias afectadas por el autismo y disfrutar de una noche irrepetible en compa\u00f1\u00eda de grandes artistas. Los interesados pueden adquirir su entrada solidaria y formar parte de este acontecimiento cultural y humano.<\/p>\n","protected":false},"excerpt":{"rendered":"<p>Esta noche, el cortijo Media Legua de Vera se convierte en el escenario de la I Gran Gala Solidaria, un evento cultural y ben\u00e9fico creado con el prop\u00f3sito de recaudar fondos para la Asociaci\u00f3n del Autismo de Moj\u00e1car. La cita contar\u00e1 con la participaci\u00f3n estelar de la mezzosoprano internacional Ana H\u00e4sler, una de las voces [&hellip;]<\/p>\n","protected":false},"author":1,"featured_media":5539,"comment_status":"open","ping_status":"open","sticky":false,"template":"","format":"standard","meta":{"footnotes":""},"categories":[1],"tags":[],"class_list":["post-5538","post","type-post","status-publish","format-standard","has-post-thumbnail","hentry","category-uncategorized"],"_links":{"self":[{"href":"https:\/\/elargarmusical.com\/index.php?rest_route=\/wp\/v2\/posts\/5538","targetHints":{"allow":["GET"]}}],"collection":[{"href":"https:\/\/elargarmusical.com\/index.php?rest_route=\/wp\/v2\/posts"}],"about":[{"href":"https:\/\/elargarmusical.com\/index.php?rest_route=\/wp\/v2\/types\/post"}],"author":[{"embeddable":true,"href":"https:\/\/elargarmusical.com\/index.php?rest_route=\/wp\/v2\/users\/1"}],"replies":[{"embeddable":true,"href":"https:\/\/elargarmusical.com\/index.php?rest_route=%2Fwp%2Fv2%2Fcomments&post=5538"}],"version-history":[{"count":1,"href":"https:\/\/elargarmusical.com\/index.php?rest_route=\/wp\/v2\/posts\/5538\/revisions"}],"predecessor-version":[{"id":5540,"href":"https:\/\/elargarmusical.com\/index.php?rest_route=\/wp\/v2\/posts\/5538\/revisions\/5540"}],"wp:featuredmedia":[{"embeddable":true,"href":"https:\/\/elargarmusical.com\/index.php?rest_route=\/wp\/v2\/media\/5539"}],"wp:attachment":[{"href":"https:\/\/elargarmusical.com\/index.php?rest_route=%2Fwp%2Fv2%2Fmedia&parent=5538"}],"wp:term":[{"taxonomy":"category","embeddable":true,"href":"https:\/\/elargarmusical.com\/index.php?rest_route=%2Fwp%2Fv2%2Fcategories&post=5538"},{"taxonomy":"post_tag","embeddable":true,"href":"https:\/\/elargarmusical.com\/index.php?rest_route=%2Fwp%2Fv2%2Ftags&post=5538"}],"curies":[{"name":"wp","href":"https:\/\/api.w.org\/{rel}","templated":true}]}}