{"id":6248,"date":"2025-06-10T06:19:44","date_gmt":"2025-06-10T06:19:44","guid":{"rendered":"https:\/\/elargarmusical.com\/?p=6248"},"modified":"2025-06-10T06:23:26","modified_gmt":"2025-06-10T06:23:26","slug":"llegaron-las-nuevas-camisetas-de-eam","status":"publish","type":"post","link":"https:\/\/elargarmusical.com\/?p=6248","title":{"rendered":"\u00a1LLEGARON LAS NUEVAS CAMISETAS DE EAM!"},"content":{"rendered":"<div dir=\"ltr\">M\u00fasica, historia y actitud en una sola prenda<\/div>\n<div dir=\"ltr\"><\/div>\n<div dir=\"ltr\">\n<div>\n<div>\n<div>\u00a1Ya puedes conseguir la camiseta oficial de EL ARGAR MUSICAL!<\/div>\n<\/div>\n<div>\n<div>Una prenda con historia, identidad y territorio\u00a0<img decoding=\"async\" class=\"CToWUd\" src=\"https:\/\/ci3.googleusercontent.com\/meips\/ADKq_NZ5aUe2Z0GAhKaV_nuO2dWowW013YtuGoNQ5CZ0TKRyXAAfIosB8olZMnEf27ymxm2zjXpEpBxR5hcLm4F1neLtm3QFGF1DHHJG_4yf3fm4IpMshoTUYC4=s0-d-e1-ft#https:\/\/static.xx.fbcdn.net\/images\/emoji.php\/v9\/tec\/1\/16\/1f455.png\" alt=\"\ud83d\udc55\" width=\"16\" height=\"16\" data-bit=\"iit\" \/><img decoding=\"async\" class=\"CToWUd\" src=\"https:\/\/ci3.googleusercontent.com\/meips\/ADKq_NYHG50AKRwgw3jSZQoNkmqKaqciI0Mc_lEYLdQEA7KjT0hC_MG44vfHwwAMF8YkPqudwsC62_U_nl1B7-X5XJnpDEXNUCaKvarImH2NQ_Ooy_m2TieVCA=s0-d-e1-ft#https:\/\/static.xx.fbcdn.net\/images\/emoji.php\/v9\/tf4\/1\/16\/2728.png\" alt=\"\u2728\" width=\"16\" height=\"16\" data-bit=\"iit\" \/><\/div>\n<\/div>\n<div>\n<div><img decoding=\"async\" class=\"CToWUd\" src=\"https:\/\/ci3.googleusercontent.com\/meips\/ADKq_NZqgwmyGqH6NCB65Xv-GmBRBvAPHkhtncg9_FGHxojseZuotpnLG_psWiVqqewiMtBi8Uyo2JWNqUjeQQ7aFLs0UfLQpHzh7O4r48l1CgateopNYFoY4H0=s0-d-e1-ft#https:\/\/static.xx.fbcdn.net\/images\/emoji.php\/v9\/tc8\/1\/16\/1f5fa.png\" alt=\"\ud83d\uddfa\ufe0f\" width=\"16\" height=\"16\" data-bit=\"iit\" \/>\u00a0Inspirado en el contorno de la meseta de El Argar (Antas), el nuevo logo de @elargarmusical homenajea a una civilizaci\u00f3n milenaria.<\/div>\n<\/div>\n<div>\n<div><img loading=\"lazy\" decoding=\"async\" class=\"CToWUd\" src=\"https:\/\/ci3.googleusercontent.com\/meips\/ADKq_NaqZMoebY0c2BmAo94YS62InnetJ6CqvA8iX1OAA-4JhKlwwYHIvVq38QPPOkV3psF5FN5HEFWMaRFcO_tw_6mJ9SDV5XAsnCIpN6IvdWccCdkz4le4weg=s0-d-e1-ft#https:\/\/static.xx.fbcdn.net\/images\/emoji.php\/v9\/tde\/1\/16\/1f4f8.png\" alt=\"\ud83d\udcf8\" width=\"16\" height=\"16\" data-bit=\"iit\" \/>\u00a0Fotografiada en el poblado arg\u00e1rico, entre f\u00f3siles que nos cuentan que hace millones de a\u00f1os todo esto era agua\u2026<\/div>\n<\/div>\n<div>\n<div><img loading=\"lazy\" decoding=\"async\" class=\"CToWUd\" src=\"https:\/\/ci3.googleusercontent.com\/meips\/ADKq_Nas-Tkk5XbH-PXqq8wwFFGWZn98-wdh22gAGXCaHCg1upI5Wy9DLaehANCmrYfeDkSuWgvghKYb4Jbmh5GVLoWYyU3YVafO7e3DenAvNdRom3ld8h9N024=s0-d-e1-ft#https:\/\/static.xx.fbcdn.net\/images\/emoji.php\/v9\/t9d\/1\/16\/1f33e.png\" alt=\"\ud83c\udf3e\" width=\"16\" height=\"16\" data-bit=\"iit\" \/>\u00a0Y envuelta en esparto, bajo el sol de Almer\u00eda.<\/div>\n<\/div>\n<div>\n<div>\u00a1Una joya de nuestra tierra!<\/div>\n<\/div>\n<div>\n<div><img loading=\"lazy\" decoding=\"async\" class=\"CToWUd\" src=\"https:\/\/ci3.googleusercontent.com\/meips\/ADKq_NbEN04yJRgCJBascFvAolp32qejtZuk8r3IV1qFV9wXv7oOrH2jTUBSPOPOav-QVzQQdmu0c1leDkuvR2J3m4muSTZbz7JEI1YGEnFsbzGpPbzkdpVRAzo=s0-d-e1-ft#https:\/\/static.xx.fbcdn.net\/images\/emoji.php\/v9\/t1c\/1\/16\/1f6d2.png\" alt=\"\ud83d\uded2\" width=\"16\" height=\"16\" data-bit=\"iit\" \/>\u00a0YA A LA VENTA<\/div>\n<div><img loading=\"lazy\" decoding=\"async\" class=\"CToWUd\" src=\"https:\/\/ci3.googleusercontent.com\/meips\/ADKq_NaqyhnPfqJAp1vbr3SrBDHw-9MajiGr8HfIa4wdU4BBDzxQkBxTvE3CMH099PgxHkS0d-nL1jj6jo5ai_najUmPlKdm2nMyiCYQ2RWENyFhk-Q7GTo3gts=s0-d-e1-ft#https:\/\/static.xx.fbcdn.net\/images\/emoji.php\/v9\/tc0\/1\/16\/1f4e9.png\" alt=\"\ud83d\udce9\" width=\"16\" height=\"16\" data-bit=\"iit\" \/>\u00a0Escr\u00edbenos:\u00a0<a href=\"mailto:info@elargarmusical.com\" target=\"_blank\" rel=\"noopener noreferrer\">info@elargarmusical.com<\/a><\/div>\n<div><\/div>\n<div><img loading=\"lazy\" decoding=\"async\" class=\"CToWUd\" src=\"https:\/\/ci3.googleusercontent.com\/meips\/ADKq_NaE9xnLqno8DRYFox4RykSlnMxC2RYbJetij9MCuHpHoa147T5Twu5ScPy3TC4jcr_kWEGayQBF5aYNLT-wbrKeftJKY7Jt_orDpsZknw5zVNuZl90qaNg=s0-d-e1-ft#https:\/\/static.xx.fbcdn.net\/images\/emoji.php\/v9\/td8\/1\/16\/1f39f.png\" alt=\"\ud83c\udf9f\ufe0f\" width=\"16\" height=\"16\" data-bit=\"iit\" \/>\u00a0O ven al primer concierto del festival:<\/div>\n<div><img loading=\"lazy\" decoding=\"async\" class=\"CToWUd\" src=\"https:\/\/ci3.googleusercontent.com\/meips\/ADKq_Na7jQKLsONEqUYXn3I1KqIpX2RGIAF6uoSz_WQl4iEifdi7nljppvBjwAmSR02UT62e6xiHwgtiXbrzpSjSfOHxxDukIjHw2GStZvASnbq2B0w6bQUu9tA=s0-d-e1-ft#https:\/\/static.xx.fbcdn.net\/images\/emoji.php\/v9\/t5c\/1\/16\/1f5d3.png\" alt=\"\ud83d\uddd3\ufe0f\" width=\"16\" height=\"16\" data-bit=\"iit\" \/>\u00a018 de julio &#8211; Teatro Cervantes (Almer\u00eda)<\/div>\n<div><img loading=\"lazy\" decoding=\"async\" class=\"CToWUd\" src=\"https:\/\/ci3.googleusercontent.com\/meips\/ADKq_NZRsrdcDVxPyjrq01CKjxlPOyXQjjEDMSDNj6LNg0xrb8c-1PNFKotHEMp2Fn5GmRDycp8yoZF5dU1W-mMkRFxD45_If-aFiZkcIiCZWcoeEGhdEScsWtk=s0-d-e1-ft#https:\/\/static.xx.fbcdn.net\/images\/emoji.php\/v9\/t7e\/1\/16\/1f3a4.png\" alt=\"\ud83c\udfa4\" width=\"16\" height=\"16\" data-bit=\"iit\" \/>\u00a0ANA H\u00c4SLER CANTA A\u00a0JOS\u00c9 PADILLA UNIVERSAL<\/div>\n<div>(M\u00fasica espa\u00f1ola de ahora y de siempre)<\/div>\n<\/div>\n<div>\n<div><img loading=\"lazy\" decoding=\"async\" class=\"CToWUd\" src=\"https:\/\/ci3.googleusercontent.com\/meips\/ADKq_NaV0YfENxB38TbMfDu2FCoEhkYJKwg2UX_g6uKHmYX1Xfon-PEmR7zRRA6LUNqe3fbk37Ml2wDcj-js47a-HwEnYbhlGQPfrq6k9mUcnBS7y5combpXgWw=s0-d-e1-ft#https:\/\/static.xx.fbcdn.net\/images\/emoji.php\/v9\/t84\/1\/16\/1f381.png\" alt=\"\ud83c\udf81\" width=\"16\" height=\"16\" data-bit=\"iit\" \/>\u00a0Con tu entrada anticipada, \u00a1ll\u00e9vatela al 50% (solo 5\u20ac)!<\/div>\n<div>Entradas a la venta en <a href=\"https:\/\/www.todaslasentradas.com\/...\/rest\/evento\/id\/2382010\" target=\"_blank\" rel=\"nofollow noopener noreferrer\" data-saferedirecturl=\"https:\/\/www.google.com\/url?q=https:\/\/www.todaslasentradas.com\/...\/rest\/evento\/id\/2382010&amp;source=gmail&amp;ust=1749622639239000&amp;usg=AOvVaw38_7VFHzELDdMuTBoauQ3U\">https:\/\/www.todaslasentradas.<wbr \/>com\/&#8230;\/rest\/evento\/id\/2382010<\/a><\/div>\n<div dir=\"ltr\">(Res\u00e9rvala con tiempo en\u00a0<a href=\"mailto:info@elargarmusical.com\" target=\"_blank\" rel=\"noopener noreferrer\">info@elargarmusical.com<\/a>)<\/div>\n<div dir=\"ltr\"><\/div>\n<div dir=\"ltr\"><b>\u00a1O VEN EL 2 DE AGOSTO A ANTAS Y C\u00d3MPRALA EN EL FESTIVAL!<\/b><\/div>\n<div dir=\"ltr\">A partir de las\u00a0<b>8pm<\/b>\u00a0apertura de puertas en el<b>\u00a0Cine de Paca<\/b>&#8230;<\/div>\n<\/div>\n<\/div>\n<\/div>\n","protected":false},"excerpt":{"rendered":"<p>M\u00fasica, historia y actitud en una sola prenda \u00a1Ya puedes conseguir la camiseta oficial de EL ARGAR MUSICAL! Una prenda con historia, identidad y territorio\u00a0 \u00a0Inspirado en el contorno de la meseta de El Argar (Antas), el nuevo logo de @elargarmusical homenajea a una civilizaci\u00f3n milenaria. \u00a0Fotografiada en el poblado arg\u00e1rico, entre f\u00f3siles que nos [&hellip;]<\/p>\n","protected":false},"author":1,"featured_media":6251,"comment_status":"open","ping_status":"open","sticky":false,"template":"","format":"standard","meta":{"footnotes":""},"categories":[1],"tags":[],"class_list":["post-6248","post","type-post","status-publish","format-standard","has-post-thumbnail","hentry","category-uncategorized"],"_links":{"self":[{"href":"https:\/\/elargarmusical.com\/index.php?rest_route=\/wp\/v2\/posts\/6248","targetHints":{"allow":["GET"]}}],"collection":[{"href":"https:\/\/elargarmusical.com\/index.php?rest_route=\/wp\/v2\/posts"}],"about":[{"href":"https:\/\/elargarmusical.com\/index.php?rest_route=\/wp\/v2\/types\/post"}],"author":[{"embeddable":true,"href":"https:\/\/elargarmusical.com\/index.php?rest_route=\/wp\/v2\/users\/1"}],"replies":[{"embeddable":true,"href":"https:\/\/elargarmusical.com\/index.php?rest_route=%2Fwp%2Fv2%2Fcomments&post=6248"}],"version-history":[{"count":2,"href":"https:\/\/elargarmusical.com\/index.php?rest_route=\/wp\/v2\/posts\/6248\/revisions"}],"predecessor-version":[{"id":6250,"href":"https:\/\/elargarmusical.com\/index.php?rest_route=\/wp\/v2\/posts\/6248\/revisions\/6250"}],"wp:featuredmedia":[{"embeddable":true,"href":"https:\/\/elargarmusical.com\/index.php?rest_route=\/wp\/v2\/media\/6251"}],"wp:attachment":[{"href":"https:\/\/elargarmusical.com\/index.php?rest_route=%2Fwp%2Fv2%2Fmedia&parent=6248"}],"wp:term":[{"taxonomy":"category","embeddable":true,"href":"https:\/\/elargarmusical.com\/index.php?rest_route=%2Fwp%2Fv2%2Fcategories&post=6248"},{"taxonomy":"post_tag","embeddable":true,"href":"https:\/\/elargarmusical.com\/index.php?rest_route=%2Fwp%2Fv2%2Ftags&post=6248"}],"curies":[{"name":"wp","href":"https:\/\/api.w.org\/{rel}","templated":true}]}}