{"id":6272,"date":"2025-06-11T11:48:00","date_gmt":"2025-06-11T11:48:00","guid":{"rendered":"https:\/\/elargarmusical.com\/?p=6272"},"modified":"2025-06-13T06:03:00","modified_gmt":"2025-06-13T06:03:00","slug":"el-argar-musical-en-su-iv-edicion-aunara-arte-memoria-y-musica","status":"publish","type":"post","link":"https:\/\/elargarmusical.com\/?p=6272","title":{"rendered":"Diario de Almer\u00eda: El Argar Musical en su IV edici\u00f3n aunar\u00e1 arte, memoria y m\u00fasica"},"content":{"rendered":"<p>El Argar Musical llega en el verano de 2025 a su cuarta edici\u00f3n, consolid\u00e1ndose como un acontecimiento cultural de excepci\u00f3n en el sureste espa\u00f1ol. Este festival, que a\u00fana excelencia art\u00edstica y valor patrimonial, tendr\u00e1 lugar en el yacimiento arg\u00e1rico del municipio de Antas, un escenario ancestral que acoge cada a\u00f1o a int\u00e9rpretes, compositores y m\u00fasicos de extraordinario talento.<\/p><p>Cabe destacar el hecho singular de que, gracias a esta iniciativa pionera, la m\u00fasica cl\u00e1sica y la \u00d3pera en directo se han instalado por vez primera en Antas. Desde su fundaci\u00f3n en 2022, el festival ha sido impulsado por la prestigiosa mezzosoprano internacional Ana H\u00e4sler, de ra\u00edces antusas. Gracias a su liderazgo y visi\u00f3n, se han derribado barreras geogr\u00e1ficas y se ha logrado acercar, a precios accesibles, a figuras que habitualmente brillan en los grandes teatros y festivales del mundo. Todo ello en un marco natural y arqueol\u00f3gico incomparable, que da voz y resonancia a una de las civilizaciones m\u00e1s antiguas del Mediterr\u00e1neo occidental.<\/p><p>En el contexto de una estrategia de desarrollo cultural en zonas rurales, El Argar Musical articula una red de actividades que se despliegan por los lugares m\u00e1s emblem\u00e1ticos de Antas: la meseta de El Argar, el puente viejo, las plazas del pueblo y su m\u00edtico \u201cCine de Paca\u201d. La ruta arg\u00e1rica ampliar\u00e1 su recorrido durante 2025 y 2026, sumando nuevas sedes en distintas localidades de Almer\u00eda, as\u00ed como en provincias hist\u00f3ricamente arg\u00e1ricas como Ja\u00e9n y Murcia.<\/p><p>En este marco de crecimiento cultural y territorial, se ha creado el C\u00edrculo de Empresas Amigas de El Argar Musical, una iniciativa impulsada por Ana H\u00e4sler con el respaldo del Ayuntamiento de Antas y la C\u00e1mara de Comercio de Almer\u00eda. Este c\u00edrculo nace con la vocaci\u00f3n de implicar activamente al tejido empresarial local en el desarrollo del festival, fomentando una participaci\u00f3n democr\u00e1tica, circular y sostenible. Su objetivo es fortalecer los lazos entre cultura y econom\u00eda, y contribuir a situar a Antas en el mapa de los destinos tur\u00edsticos de calidad, proyectando su patrimonio y dinamismo m\u00e1s all\u00e1 de sus fronteras.<\/p><p>Entre las fechas m\u00e1s destacadas de la IV Edici\u00f3n de El Argar Musical por la Ruta Arg\u00e1rica subrayar el 18 de julio en Almer\u00eda capital, concretamente en el Teatro Cervantes a las 21:30 horas, tendr\u00e1 lugar el recital Jos\u00e9 Padilla Universal. Un homenaje l\u00edrico al c\u00e9lebre compositor almeriense, declarado de inter\u00e9s universal por la UNESCO en 1989. Ana H\u00e4sler, acompa\u00f1ada al piano por el prieguense Antonio L\u00f3pez, interpretar\u00e1 una cuidada selecci\u00f3n de su obra, iluminando tanto sus piezas m\u00e1s conocidas como otras menos divulgadas. Un encuentro ineludible con la historia musical de Almer\u00eda. Entradas: www.todaslasentradas.com<\/p><p>El 2 de agosto en Antas, en el Cine de Paca a las 21:30 horas tendr\u00e1 lugar la Gala L\u00edrica Ana H\u00e4sler y Amigos. Ana H\u00e4sler estar\u00e1 acompa\u00f1ada por el reconocido pianista, compositor y director de orquesta Miquel Ortega y Pujol. Junto a ellos, la joven soprano siria Aseel Massoud, una prometedora voz de la l\u00edrica internacional. Una velada de \u00f3pera, zarzuela y canci\u00f3n, cargada de emoci\u00f3n y excelencia. Entradas: www.elargarmusical.com<\/p><p>Desde las 18:30 horas ser\u00e1 posible visitar el Centro de Investigaci\u00f3n de la Cultura Arg\u00e1rica (CICA), en visitas guiadas por orden de llegada y con aforo limitado.<\/p><p>El 3 de agosto en Antas tendr\u00e1 lugar un Desayuno Arg\u00e1rico-Musical y Visita Arqueol\u00f3gica al CICA. Por primera vez, El Argar Musical propone un encuentro matutino en torno a la m\u00fasica, la arqueolog\u00eda y la gastronom\u00eda. El guitarrista almeriense Luis Mar\u00eda Gonz\u00e1lez Parra amenizar\u00e1 el desayuno, seguido de una visita guiada al CICA a cargo del gu\u00eda Juan Gabriel Ruiz.<\/p><p>Esta experiencia, que tuvo que suspenderse el pasado a\u00f1o por motivos ajenos al festival, puede adquirirse como paquete conjunto con la gala l\u00edrica del d\u00eda anterior.<\/p><p>El 13 de septiembre en Cuevas del Almanzora ser\u00e1 la Gala de \u00d3pera y Zarzuela. Ser\u00e1 en el majestuoso Castillo del Marqu\u00e9s de los V\u00e9lez, con algunas de las voces m\u00e1s destacadas del panorama l\u00edrico nacional. Venta de entradas pr\u00f3ximamente.<\/p><p>El 3 de enero de 2026 en Antas se celebra el Concierto de A\u00f1o Nuevo-Edici\u00f3n de Invierno. Una celebraci\u00f3n musical para abrir el nuevo a\u00f1o con belleza y emoci\u00f3n.<\/p><p>La organizaci\u00f3n del Festival invita a las autoridades, medios de comunicaci\u00f3n y al p\u00fablico general a acompa\u00f1arlos en este recorrido sonoro, arqueol\u00f3gico y emocional. El Argar Musical no es solo un festival: es un acto de memoria, una apuesta por la cultura viva y un testimonio del poder del arte para transformar territorios. En su cuarta edici\u00f3n, se consolida como un referente en el panorama cultural del sur de Europa.<\/p>","protected":false},"excerpt":{"rendered":"<p>El Argar Musical llega en el verano de 2025 a su cuarta edici\u00f3n, consolid\u00e1ndose como un acontecimiento cultural de excepci\u00f3n en el sureste espa\u00f1ol. Este festival, que a\u00fana excelencia art\u00edstica y valor patrimonial, tendr\u00e1 lugar en el yacimiento arg\u00e1rico del municipio de Antas, un escenario ancestral que acoge cada a\u00f1o a int\u00e9rpretes, compositores y m\u00fasicos [&hellip;]<\/p>\n","protected":false},"author":1,"featured_media":6273,"comment_status":"open","ping_status":"open","sticky":false,"template":"","format":"standard","meta":{"footnotes":""},"categories":[1],"tags":[],"class_list":["post-6272","post","type-post","status-publish","format-standard","has-post-thumbnail","hentry","category-uncategorized"],"_links":{"self":[{"href":"https:\/\/elargarmusical.com\/index.php?rest_route=\/wp\/v2\/posts\/6272","targetHints":{"allow":["GET"]}}],"collection":[{"href":"https:\/\/elargarmusical.com\/index.php?rest_route=\/wp\/v2\/posts"}],"about":[{"href":"https:\/\/elargarmusical.com\/index.php?rest_route=\/wp\/v2\/types\/post"}],"author":[{"embeddable":true,"href":"https:\/\/elargarmusical.com\/index.php?rest_route=\/wp\/v2\/users\/1"}],"replies":[{"embeddable":true,"href":"https:\/\/elargarmusical.com\/index.php?rest_route=%2Fwp%2Fv2%2Fcomments&post=6272"}],"version-history":[{"count":3,"href":"https:\/\/elargarmusical.com\/index.php?rest_route=\/wp\/v2\/posts\/6272\/revisions"}],"predecessor-version":[{"id":6279,"href":"https:\/\/elargarmusical.com\/index.php?rest_route=\/wp\/v2\/posts\/6272\/revisions\/6279"}],"wp:featuredmedia":[{"embeddable":true,"href":"https:\/\/elargarmusical.com\/index.php?rest_route=\/wp\/v2\/media\/6273"}],"wp:attachment":[{"href":"https:\/\/elargarmusical.com\/index.php?rest_route=%2Fwp%2Fv2%2Fmedia&parent=6272"}],"wp:term":[{"taxonomy":"category","embeddable":true,"href":"https:\/\/elargarmusical.com\/index.php?rest_route=%2Fwp%2Fv2%2Fcategories&post=6272"},{"taxonomy":"post_tag","embeddable":true,"href":"https:\/\/elargarmusical.com\/index.php?rest_route=%2Fwp%2Fv2%2Ftags&post=6272"}],"curies":[{"name":"wp","href":"https:\/\/api.w.org\/{rel}","templated":true}]}}