{"id":6370,"date":"2025-06-24T21:03:19","date_gmt":"2025-06-24T21:03:19","guid":{"rendered":"https:\/\/elargarmusical.com\/?p=6370"},"modified":"2025-06-24T21:05:19","modified_gmt":"2025-06-24T21:05:19","slug":"el-teatro-cervantes-acogera-jose-padilla-universal-un-homenaje-musical-irrepetible","status":"publish","type":"post","link":"https:\/\/elargarmusical.com\/?p=6370","title":{"rendered":"El Teatro Cervantes acoger\u00e1 \u201cJos\u00e9 Padilla Universal\u201d, un homenaje musical irrepetible"},"content":{"rendered":"<p>El pr\u00f3ximo viernes 18 de julio a las 21:30 h, el Teatro Cervantes de Almer\u00eda ser\u00e1 el escenario del esperado estreno mundial del recital \u201cJos\u00e9 Padilla Universal\u201d, un espect\u00e1culo excepcional que conmemora el 135\u00ba aniversario del nacimiento del gran compositor almeriense Jos\u00e9 Padilla, figura clave de la m\u00fasica popular espa\u00f1ola e internacional.<\/p><p>Este recital forma parte de la III edici\u00f3n del ciclo \u201cM\u00fasica por la Ruta Argarica 2024\u201d, una iniciativa impulsada por El Argar Musical que busca recuperar y difundir el legado cultural y musical del sureste peninsular. En esta ocasi\u00f3n, el ciclo rinde tributo a Padilla, creador de piezas inolvidables como La Violetera, Valencia, El Relicario o Estudiantina portuguesa, que conquistaron los escenarios de Par\u00eds, Buenos Aires o Nueva York a principios del siglo XX.<\/p><h2 class=\"wp-block-heading\">El d\u00eda 18 de julio<\/h2><p>La protagonista del evento ser\u00e1 la prestigiosa mezzosoprano Ana H\u00e4sler, artista suizo-espa\u00f1ola con una s\u00f3lida carrera internacional en \u00f3pera, lied y repertorio espa\u00f1ol. Con una voz poderosa y matizada, H\u00e4sler interpretar\u00e1 una cuidada selecci\u00f3n de canciones de Padilla, devolviendo al presente su esencia l\u00edrica, nost\u00e1lgica y universal.<\/p><p>Estar\u00e1 acompa\u00f1ada al piano por Antonio L\u00f3pez Serrano, m\u00fasico de reconocida trayectoria, que aportar\u00e1 su sensibilidad y t\u00e9cnica al servicio de este repertorio lleno de color y emoci\u00f3n. Adem\u00e1s, el recital contar\u00e1 con la narraci\u00f3n del escritor y divulgador cultural Julio Gonz\u00e1lez Jim\u00e9nez, quien contextualizar\u00e1 las obras a trav\u00e9s de textos po\u00e9ticos, hist\u00f3ricos y biogr\u00e1ficos que conectan la vida de Padilla con su m\u00fasica.<\/p><p>La propuesta esc\u00e9nica combina m\u00fasica y palabra en un formato \u00edntimo y elegante, pensado para emocionar tanto a conocedores como a nuevos p\u00fablicos. Este estreno supone tambi\u00e9n una reivindicaci\u00f3n de la figura de Padilla como creador cosmopolita, arraigado en su tierra, cuya obra ha sido interpretada por figuras como Maurice Chevalier, Sara Montiel o Charles Chaplin.<\/p><p>Las entradas ya est\u00e1n disponibles en&nbsp;<a href=\"https:\/\/www.todaslasentradas.com\/par-public\/rest\/evento\/listado\">www.todaslasentradas.com<\/a>&nbsp;y en la taquilla del Teatro Cervantes de Almer\u00eda. Una cita imprescindible con la cultura, la memoria y el talento en vivo.<\/p><p>Fuente: <a href=\"https:\/\/www.lavozdealmeria.com\/vivir\/278396\/teatro-cervantes-acogera-jose-padilla-universal-homenaje-musical-irrepetible.html\">https:\/\/www.lavozdealmeria.com\/vivir\/278396\/teatro-cervantes-acogera-jose-padilla-universal-homenaje-musical-irrepetible.html<\/a><\/p>","protected":false},"excerpt":{"rendered":"<p>El pr\u00f3ximo viernes 18 de julio a las 21:30 h, el Teatro Cervantes de Almer\u00eda ser\u00e1 el escenario del esperado estreno mundial del recital \u201cJos\u00e9 Padilla Universal\u201d, un espect\u00e1culo excepcional que conmemora el 135\u00ba aniversario del nacimiento del gran compositor almeriense Jos\u00e9 Padilla, figura clave de la m\u00fasica popular espa\u00f1ola e internacional. Este recital forma [&hellip;]<\/p>\n","protected":false},"author":1,"featured_media":6371,"comment_status":"open","ping_status":"open","sticky":false,"template":"","format":"standard","meta":{"footnotes":""},"categories":[32],"tags":[],"class_list":["post-6370","post","type-post","status-publish","format-standard","has-post-thumbnail","hentry","category-noticias"],"_links":{"self":[{"href":"https:\/\/elargarmusical.com\/index.php?rest_route=\/wp\/v2\/posts\/6370","targetHints":{"allow":["GET"]}}],"collection":[{"href":"https:\/\/elargarmusical.com\/index.php?rest_route=\/wp\/v2\/posts"}],"about":[{"href":"https:\/\/elargarmusical.com\/index.php?rest_route=\/wp\/v2\/types\/post"}],"author":[{"embeddable":true,"href":"https:\/\/elargarmusical.com\/index.php?rest_route=\/wp\/v2\/users\/1"}],"replies":[{"embeddable":true,"href":"https:\/\/elargarmusical.com\/index.php?rest_route=%2Fwp%2Fv2%2Fcomments&post=6370"}],"version-history":[{"count":2,"href":"https:\/\/elargarmusical.com\/index.php?rest_route=\/wp\/v2\/posts\/6370\/revisions"}],"predecessor-version":[{"id":6374,"href":"https:\/\/elargarmusical.com\/index.php?rest_route=\/wp\/v2\/posts\/6370\/revisions\/6374"}],"wp:featuredmedia":[{"embeddable":true,"href":"https:\/\/elargarmusical.com\/index.php?rest_route=\/wp\/v2\/media\/6371"}],"wp:attachment":[{"href":"https:\/\/elargarmusical.com\/index.php?rest_route=%2Fwp%2Fv2%2Fmedia&parent=6370"}],"wp:term":[{"taxonomy":"category","embeddable":true,"href":"https:\/\/elargarmusical.com\/index.php?rest_route=%2Fwp%2Fv2%2Fcategories&post=6370"},{"taxonomy":"post_tag","embeddable":true,"href":"https:\/\/elargarmusical.com\/index.php?rest_route=%2Fwp%2Fv2%2Ftags&post=6370"}],"curies":[{"name":"wp","href":"https:\/\/api.w.org\/{rel}","templated":true}]}}