{"id":6499,"date":"2025-08-25T16:45:24","date_gmt":"2025-08-25T16:45:24","guid":{"rendered":"https:\/\/elargarmusical.com\/?p=6499"},"modified":"2025-08-25T16:48:13","modified_gmt":"2025-08-25T16:48:13","slug":"antas-vibra-con-el-festival-el-argar-musical","status":"publish","type":"post","link":"https:\/\/elargarmusical.com\/?p=6499","title":{"rendered":"Antas vibra con el Festival El Argar Musical"},"content":{"rendered":"<h2 class=\"wp-block-heading\">Gran \u00e9xito de la cuarta edici\u00f3n del Festival que dirige Ana H\u00e4sler, una de las mezzosopranos m\u00e1s destacadas de la l\u00edrica espa\u00f1ola, con una amplia formaci\u00f3n musical con ra\u00edces en Antas<\/h2><p><\/p><p>EL s\u00e1bado d\u00eda dos de agosto, festividad de Nuestra Se\u00f1ora de los \u00c1ngeles, tuve la inmensa suerte de poder asistir a la&nbsp;<em><strong>Gala Ana H\u00e4sler y Amigos&nbsp;<\/strong><\/em><strong>en Antas<\/strong>, y digo la inmensa suerte porque por fin pude escuchar en directo la voz de esta cantante superlativa despu\u00e9s de dos intentos fallidos al suspenderse en 2024 y 2025 en el&nbsp;<strong>Teatro Cervantes de Almer\u00eda<\/strong>&nbsp;el esperado estreno mundial del recital&nbsp;<em><strong>Jos\u00e9 Padilla Universal<\/strong><\/em><strong>,&nbsp;<\/strong>un espect\u00e1culo excepcional en honor al gran compositor almeriense Jos\u00e9 Padilla, figura clave de la m\u00fasica popular espa\u00f1ola e internacional.<\/p><p>Fue en 2022 cuando residiendo yo en M\u00e1laga, a trav\u00e9s de la prensa digital tuve la oportunidad de conocer el proyecto del&nbsp;<strong>Festival&nbsp;<\/strong><em><strong>El Argar Musical<\/strong><\/em>&nbsp;y ver su fotograf\u00eda vestida de princesa arg\u00e1rica, lo cual hizo que mostrase un gran inter\u00e9s por este evento. Ana H\u00e4sler es una mezzosoprano con ra\u00edces familiares maternas en&nbsp;<strong>Antas<\/strong>, de ah\u00ed se entiende su deseo y anhelo de hacer de este Festival un punto de referencia cultural y una cita imprescindible en el verano levantino. Algo que hoy, tras su exitosa cuarta edici\u00f3n, puede decirse que es ya una realidad.<\/p><p>La artista est\u00e1 considerada como una de las mezzosopranos m\u00e1s destacadas de la l\u00edrica espa\u00f1ola, con una amplia formaci\u00f3n musical, destacando el hecho de ser seleccionada por<strong>&nbsp;Teresa Berganza&nbsp;<\/strong>para la C\u00e1tedra de Canto de la Escuela Superior de M\u00fasica Reina Sof\u00eda de Madrid, desarrollando desde entonces una brillante carrera internacional en los mejores escenarios oper\u00edsticos y sinf\u00f3nicos del mundo.<\/p><p>En esta ocasi\u00f3n el escenario era un lugar inhabitual, no por ello falto de encanto, como cine que fue durante d\u00e9cadas en la localidad de Antas:&nbsp;<em><strong>El cine de Paca<\/strong><\/em>&nbsp;para los lugare\u00f1os, la terraza de un cine de verano que result\u00f3 ser el mejor escenario natural para la ocasi\u00f3n, donde limoneros y galanes de noche pusieron unas notas de perfume embriagando la noche al vaiv\u00e9n de la brisa que esparc\u00eda sus aromas. La luna tampoco quiso perderse la cita y acudi\u00f3 puntual en su fase creciente y expansiva resguardada entre las copas de las palmeras que flanqueaban el escenario.<\/p><p>Ana, tal y como reza el t\u00edtulo de su gala, estuvo rodeada de amigos, de la soprano Patricia Calvache y de Miguel Ortega al piano.<\/p><p>El programa, de marcado car\u00e1cter internacional, despert\u00f3 un vivo inter\u00e9s y cautiv\u00f3 a los asistentes. La velada se abri\u00f3 con dos de los m\u00e1s refinados&nbsp;<strong>Lieder de Richard Strauss,&nbsp;<\/strong><em><strong>Die Nacht<\/strong><\/em><strong>&nbsp;y&nbsp;<\/strong><em><strong>Zueignung<\/strong><\/em><strong>,&nbsp;<\/strong>para continuar con un bloque de canciones espa\u00f1olas que rindi\u00f3 homenaje a dos compositores emblem\u00e1ticos, unidos por una misma l\u00ednea compositiva contempor\u00e1nea, llamada mel\u00f3dica:&nbsp;<strong>Ant\u00f3n Garc\u00eda Abril<\/strong>&nbsp;(autor, entre otras muchas, de la m\u00fasica de la c\u00e9lebre serie televisiva&nbsp;<em>El hombre y la tierra<\/em>) y Miquel Ortega, este \u00faltimo, adem\u00e1s, al piano en esta memorable cita musical.<\/p><p>La&nbsp;<em><strong>Eleg\u00eda a la p\u00e9rdida de la Alhambra<\/strong><\/em>, en la exquisita interpretaci\u00f3n de H\u00e4sler y Ortega, dej\u00f3 flotando en el aire un delicado halo de nostalgia. La mezzosoprano present\u00f3 acto seguido al p\u00fablico un bell\u00edsimo&nbsp;<em>Poema arg\u00e1rico<\/em>&nbsp;del poeta Rodolfo H\u00e4sler, hermano de la cantante, musicalizado por Miquel Ortega, que fue estrenado por su protagonista en 2022 durante el I Festival El Argar Musical.<\/p><p>Por su parte, la&nbsp;<em><strong>Canci\u00f3n<\/strong><\/em>&nbsp;de Ortega, escrita para la voz de Patricia Calvache, hizo justicia tanto a la poes\u00eda de Lorca como a la sensibilidad interpretativa de la soprano, que se luci\u00f3 especialmente en una C<em>anci\u00f3n Veneciana&nbsp;<\/em>de&nbsp;<em>Los carros del sol&nbsp;<\/em>de Jos\u00e9 Serrano.<\/p><p>La noche tuvo momentos culminantes en el \u00e1mbito de la \u00d3pera y de la Zarzuela, con la dram\u00e1tica&nbsp;<em><strong>Cuando est\u00e1 tan hondo quien mata el querer<\/strong><\/em>&nbsp;de Chap\u00ed por parte de Ana H\u00e4sler y su brillante&nbsp;<em>Habanera<\/em>&nbsp;de Carmen (un rol que la cr\u00edtica ha declarado que pareciera escrito para ella), finalizada con un intr\u00e9pido (y no escrito en la partitura) agudo final, y las chispeantes y virtuosas&nbsp;<em><strong>Quando m\u00b4en vo<\/strong><\/em><strong>&nbsp;de&nbsp;<\/strong><em><strong>La Boh\u00e8me<\/strong><\/em><strong>&nbsp;de Puccini y&nbsp;<\/strong><em><strong>\u00c8 strano<\/strong><\/em><strong>&nbsp;de&nbsp;<\/strong><em><strong>La Traviata<\/strong><\/em><strong>&nbsp;de Verdi<\/strong>, un magn\u00edfico colof\u00f3n de concierto por parte de Patricia Calvache. Ambas cantantes regalaron al p\u00fablico dos bises: el&nbsp;<em>D\u00fao de las flores&nbsp;<\/em>de la \u00f3pera&nbsp;<em>Lakm\u00e9<\/em>&nbsp;y la Habanera de la zarzuela&nbsp;<em>Don Gil de Alcal\u00e1<\/em>.<\/p><p>El domingo 3 de agosto arranc\u00f3 con una luminosa matin\u00e9e en el&nbsp;<strong>Centro de Interpretaci\u00f3n de la Cultura Arg\u00e1rica (Cica) de Antas,&nbsp;<\/strong>donde se celebr\u00f3 un entra\u00f1able y muy concurrido desayuno arg\u00e1rico-musical. Bajo un sol radiante, el numeroso p\u00fablico asistente disfrut\u00f3 de una experiencia sensorial que combin\u00f3 historia, m\u00fasica y sabores locales.<\/p><p>El desayuno, cuidadosamente dispuesto, ofrec\u00eda una muestra representativa de los productos de la tierra: embutidos y quesos tradicionales, pan con tomate y aceite de oliva virgen, naranjas, ciruelas e higos de las huertas de Antas, y un delicioso bizcocho elaborado por el Hotel Bar Mi Casa.<\/p><p>Todo ello en un ambiente distendido y festivo, acompa\u00f1ado de melod\u00edas a guitarra por parte de Luis Mar\u00eda Gonz\u00e1lez Parra. El desayuno tradicional dio paso al&nbsp;<em>Showcooking<\/em>&nbsp;del renombrado eco-chef Miguel \u00c1ngel Mateos, una fusi\u00f3n culinaria, con toques del Hidromiel Valhalla (una bebida ya presente en tiempos del Bronce), que cont\u00f3 con la voz de H\u00e4sler y la guitarra de Parra, envolviendo al p\u00fablico en una experiencia multisensorial, enmarcada por el imponente tel\u00f3n de fondo de las monta\u00f1as milenarias de El Argar, La Pernera y El Garcel. La experiencia culmin\u00f3 con la visita al Museo. Un verdadero viaje entre pasado y presente.<\/p><p>La plaza del Ayuntamiento de Antas se transform\u00f3 la noche del domingo en un escenario inolvidable para la clausura del festival, que se despidi\u00f3 con la muy aplaudida actuaci\u00f3n del coro almeriense Sol de Habaneras. La inmortalizada&nbsp;<em>Yo te dir\u00e9<\/em>, por la pel\u00edcula&nbsp;<em>Los \u00faltimos de Filipinas<\/em>, nos emocion\u00f3 recordando a estos almerienses, los antusos, que emigraron a Cuba en busca de un futuro.<\/p><p>Al final, todos brindaron con el vino Antas de la Bodega Sierra Almagrera, patrocinadora del festival, celebrando juntos un cierre de festival con \u201cticket de vuelta\u201d, sabiendo que la buena m\u00fasica, como los buenos viajes, siempre invita a regresar.<\/p><p>Gracias a todos los que apoyaron y colaboraron con este singular e inolvidable evento, en especial al Ayuntamiento de Antas, a las empresas J. Cano, Isabel Alonso, Valero Alonso, Argar Consultores, Hnos. Mart\u00ednez, Hotel-Restaurante Mi Casa, Hotel- Restaurante Terraza Carmona, a Diego Casta\u00f1o, al Hidromiel Valhalla y a la Bodega Sierra Almagrera. Y gracias a Ana H\u00e4sler por llevar la cultura y el proyecto a este rinc\u00f3n del levante almeriense. Espero que la capital de Almer\u00eda tenga por fin a bien invitar a esta artista inmensa que ha triunfado durante treinta a\u00f1os en los m\u00e1s grandes escenarios oper\u00edsticos del mundo, y que tanto hace por la cultura de nuestra tierra. Larga vida al Festival El Argar Musical.<\/p><p><strong>Fuente:<\/strong> <a href=\"https:\/\/www.diariodealmeria.es\/ocio\/antas-vibra-festival-argar-musical_0_2004615497.html\" target=\"_blank\" rel=\"noreferrer noopener\"><em>El Diario de Almer\u00eda<\/em><\/a><\/p><p><\/p>","protected":false},"excerpt":{"rendered":"<p>Gran \u00e9xito de la cuarta edici\u00f3n del Festival que dirige Ana H\u00e4sler, una de las mezzosopranos m\u00e1s destacadas de la l\u00edrica espa\u00f1ola, con una amplia formaci\u00f3n musical con ra\u00edces en Antas EL s\u00e1bado d\u00eda dos de agosto, festividad de Nuestra Se\u00f1ora de los \u00c1ngeles, tuve la inmensa suerte de poder asistir a la&nbsp;Gala Ana H\u00e4sler [&hellip;]<\/p>\n","protected":false},"author":1,"featured_media":6500,"comment_status":"open","ping_status":"open","sticky":false,"template":"","format":"standard","meta":{"footnotes":""},"categories":[32],"tags":[],"class_list":["post-6499","post","type-post","status-publish","format-standard","has-post-thumbnail","hentry","category-noticias"],"_links":{"self":[{"href":"https:\/\/elargarmusical.com\/index.php?rest_route=\/wp\/v2\/posts\/6499","targetHints":{"allow":["GET"]}}],"collection":[{"href":"https:\/\/elargarmusical.com\/index.php?rest_route=\/wp\/v2\/posts"}],"about":[{"href":"https:\/\/elargarmusical.com\/index.php?rest_route=\/wp\/v2\/types\/post"}],"author":[{"embeddable":true,"href":"https:\/\/elargarmusical.com\/index.php?rest_route=\/wp\/v2\/users\/1"}],"replies":[{"embeddable":true,"href":"https:\/\/elargarmusical.com\/index.php?rest_route=%2Fwp%2Fv2%2Fcomments&post=6499"}],"version-history":[{"count":2,"href":"https:\/\/elargarmusical.com\/index.php?rest_route=\/wp\/v2\/posts\/6499\/revisions"}],"predecessor-version":[{"id":6503,"href":"https:\/\/elargarmusical.com\/index.php?rest_route=\/wp\/v2\/posts\/6499\/revisions\/6503"}],"wp:featuredmedia":[{"embeddable":true,"href":"https:\/\/elargarmusical.com\/index.php?rest_route=\/wp\/v2\/media\/6500"}],"wp:attachment":[{"href":"https:\/\/elargarmusical.com\/index.php?rest_route=%2Fwp%2Fv2%2Fmedia&parent=6499"}],"wp:term":[{"taxonomy":"category","embeddable":true,"href":"https:\/\/elargarmusical.com\/index.php?rest_route=%2Fwp%2Fv2%2Fcategories&post=6499"},{"taxonomy":"post_tag","embeddable":true,"href":"https:\/\/elargarmusical.com\/index.php?rest_route=%2Fwp%2Fv2%2Ftags&post=6499"}],"curies":[{"name":"wp","href":"https:\/\/api.w.org\/{rel}","templated":true}]}}