{"id":6507,"date":"2025-08-28T18:03:00","date_gmt":"2025-08-28T18:03:00","guid":{"rendered":"https:\/\/elargarmusical.com\/?p=6507"},"modified":"2025-08-29T18:06:23","modified_gmt":"2025-08-29T18:06:23","slug":"ana-la-voz-que-despierta-las-montanas","status":"publish","type":"post","link":"https:\/\/elargarmusical.com\/?p=6507","title":{"rendered":"ANA LA VOZ QUE DESPIERTA LAS MONTA\u00d1AS"},"content":{"rendered":"<h4 class=\"wp-block-heading\">Hay artistas que no solo cantan sobre la tierra. Hay quienes, como Ana, le cantan a la tierra.<\/h4><p>POR MIGUEL \u00c1NGEL MATEOS<\/p><hr class=\"wp-block-separator has-alpha-channel-opacity\"\/><p>Hay escenarios que no necesitan tel\u00f3n, ni focos, ni humo artificial. Basta una terraza antigua, el aire c\u00e1lido de agosto y la certeza de que lo que va a pasar all\u00ed no se repetir\u00e1 jam\u00e1s. Ana H\u00e4sler, mezzosoprano de ra\u00edces profundas y alma viajera, regres\u00f3 este fin de semana a Antas, su lugar en el mundo, como quien vuelve al origen para regalar lo m\u00e1s valioso: su voz.<\/p><div class=\"wp-block-image\"><figure class=\"aligncenter\"><img decoding=\"async\" src=\"https:\/\/donchicote.com\/wp-content\/uploads\/2025\/08\/fda511cf-8fc4-426a-911a-d757830c88ea-2-200x300.jpeg\" alt=\"\" class=\"wp-image-2712\"\/><\/figure><\/div><p>Y no vino sola. Lleg\u00f3 rodeada de amigos, c\u00f3mplices de escena y de vida. La soprano Patricia Calvache y el maestro Miquel Ortega \u2014pianista, compositor, y mago de los silencios\u2014 convirtieron el \u201ccine de Paca\u201d, como a\u00fan le llaman los vecinos, en un templo l\u00edrico donde la m\u00fasica se volvi\u00f3 memoria, emoci\u00f3n y aliento.<\/p><p>No fue solo un recital. Fue una ofrenda emocional. Strauss, Turina, Garc\u00eda Abril\u2026 y tambi\u00e9n Ortega, que hizo suyos los acordes del paisaje. Hubo zarzuela, \u00f3pera y hasta una carta desde Siria, le\u00edda con voz temblorosa, que atraves\u00f3 la noche como una plegaria. La escribi\u00f3 Assel Massoud, soprano exiliada por razones que nada tienen que ver con el arte y todo con la verg\u00fcenza de un mundo que a\u00fan no sabe escuchar.<\/p><p>Pero el festival no se qued\u00f3 en la gala. Al d\u00eda siguiente, el CICA \u2014ese lugar m\u00e1gico que investiga los secretos de El Argar\u2014 se convirti\u00f3 en un patio de sensaciones. Un desayuno con productos de aqu\u00ed: naranjas, aceite, bizcochos caseros. Y despu\u00e9s, una experiencia donde el sabor y la m\u00fasica se abrazaron sin pedir permiso.<\/p><div class=\"wp-block-image\"><figure class=\"aligncenter\"><img decoding=\"async\" src=\"https:\/\/donchicote.com\/wp-content\/uploads\/2025\/08\/d492e182-fd1b-401a-9b94-b59615e07944-300x200.jpeg\" alt=\"\" class=\"wp-image-2714\"\/><\/figure><\/div><p><strong>La Lucaster\u00eda<\/strong>&nbsp;\u2014peque\u00f1o obrador madrile\u00f1o especializado en tartas de queso artesanales\u2014 estuvo presente con una propuesta dulce y emocional: cuatro tipos de tartas de queso, cada una con personalidad propia, coronadas con toppings \u00fanicos y siropes elaborados con hidromiel de la firma sevillana Valhalla. Entre tarta y tarta, un peque\u00f1o canto de Ana, un susurro del alma, y un showcooking en directo donde pudimos ver, oler y saborear la fusi\u00f3n entre lo ancestral y lo contempor\u00e1neo.<\/p><p>Y no solo fue ese sirope dorado el protagonista: el p\u00fablico tambi\u00e9n pudo degustar distintas variedades de hidromiel Valhalla, una maravilla de bebida que sorprendi\u00f3, emocion\u00f3 y acompa\u00f1\u00f3 cada instante con su personalidad milenaria. Se brind\u00f3, se disfrut\u00f3 y se repiti\u00f3, porque cuando la historia y el sabor se dan la mano, el paladar no olvida.<\/p><p>Y cuando ya parec\u00eda que no quedaba m\u00e1s por sentir, el Coro Sol de Habaneras de Almer\u00eda cerr\u00f3 el festival en la plaza del pueblo, con canciones que sonaban a sal, a despedida y a promesa de regreso. Ana, de nuevo en escena, puso la guinda con \u201cLa Paloma\u201d y \u201cYo te dir\u00e9\u201d. La emoci\u00f3n no se puede escribir, pero all\u00ed estaba, entre las luces del atardecer y el brindis final con vino Antas.<\/p><p>El Argar Musical no es solo un festival. Es un latido que cada a\u00f1o suena m\u00e1s fuerte, gracias a la generosidad de quienes creen en la cultura como se cree en la lluvia: como algo que hay que cuidar para que todo florezca.<\/p><p>Porque cuando Ana canta, la tierra escucha.<\/p><p>Y cuando el pueblo vibra, ya no hay vuelta atr\u00e1s: la belleza se queda a vivir.<\/p><p>Fuente: <a href=\"https:\/\/donchicote.com\/arte-cultura\/ana-la-voz-que-despierta-las-montanas\/\" target=\"_blank\" rel=\"noreferrer noopener\">donchicote.com<\/a><\/p><p><\/p>","protected":false},"excerpt":{"rendered":"<p>Hay artistas que no solo cantan sobre la tierra. Hay quienes, como Ana, le cantan a la tierra. POR MIGUEL \u00c1NGEL MATEOS Hay escenarios que no necesitan tel\u00f3n, ni focos, ni humo artificial. Basta una terraza antigua, el aire c\u00e1lido de agosto y la certeza de que lo que va a pasar all\u00ed no se [&hellip;]<\/p>\n","protected":false},"author":1,"featured_media":6508,"comment_status":"open","ping_status":"open","sticky":false,"template":"","format":"standard","meta":{"footnotes":""},"categories":[32],"tags":[],"class_list":["post-6507","post","type-post","status-publish","format-standard","has-post-thumbnail","hentry","category-noticias"],"_links":{"self":[{"href":"https:\/\/elargarmusical.com\/index.php?rest_route=\/wp\/v2\/posts\/6507","targetHints":{"allow":["GET"]}}],"collection":[{"href":"https:\/\/elargarmusical.com\/index.php?rest_route=\/wp\/v2\/posts"}],"about":[{"href":"https:\/\/elargarmusical.com\/index.php?rest_route=\/wp\/v2\/types\/post"}],"author":[{"embeddable":true,"href":"https:\/\/elargarmusical.com\/index.php?rest_route=\/wp\/v2\/users\/1"}],"replies":[{"embeddable":true,"href":"https:\/\/elargarmusical.com\/index.php?rest_route=%2Fwp%2Fv2%2Fcomments&post=6507"}],"version-history":[{"count":2,"href":"https:\/\/elargarmusical.com\/index.php?rest_route=\/wp\/v2\/posts\/6507\/revisions"}],"predecessor-version":[{"id":6511,"href":"https:\/\/elargarmusical.com\/index.php?rest_route=\/wp\/v2\/posts\/6507\/revisions\/6511"}],"wp:featuredmedia":[{"embeddable":true,"href":"https:\/\/elargarmusical.com\/index.php?rest_route=\/wp\/v2\/media\/6508"}],"wp:attachment":[{"href":"https:\/\/elargarmusical.com\/index.php?rest_route=%2Fwp%2Fv2%2Fmedia&parent=6507"}],"wp:term":[{"taxonomy":"category","embeddable":true,"href":"https:\/\/elargarmusical.com\/index.php?rest_route=%2Fwp%2Fv2%2Fcategories&post=6507"},{"taxonomy":"post_tag","embeddable":true,"href":"https:\/\/elargarmusical.com\/index.php?rest_route=%2Fwp%2Fv2%2Ftags&post=6507"}],"curies":[{"name":"wp","href":"https:\/\/api.w.org\/{rel}","templated":true}]}}