{"id":6522,"date":"2025-12-21T18:46:00","date_gmt":"2025-12-21T18:46:00","guid":{"rendered":"https:\/\/elargarmusical.com\/?p=6522"},"modified":"2026-01-20T18:49:35","modified_gmt":"2026-01-20T18:49:35","slug":"el-festival-el-argar-musical-impulsa-hoy-una-actividad-docente-con-pablo-canalis","status":"publish","type":"post","link":"https:\/\/elargarmusical.com\/?p=6522","title":{"rendered":"El Fes\u00adti\u00adval El Argar Musi\u00adcal impulsa hoy una acti\u00advi\u00addad docente con Pablo Cana\u00adl\u00eds"},"content":{"rendered":"<h2 class=\"wp-block-heading\" id=\"article-title-subtitle\">Ana H\u00e4sler avanza una quinta edi\u00adci\u00f3n del Fes\u00adti\u00adval his\u00adt\u00f3\u00adrica, inclu\u00adsiva y de pri\u00admer nivel mun\u00addial<\/h2><div class=\"wp-block-image\"><figure class=\"aligncenter\"><img decoding=\"async\" src=\"https:\/\/t.prcdn.co\/img?regionKey=pwUjqeinHqkpZ3vcn9QXKA==&amp;scale=251\" alt=\"El compositor y pianista Miquel Ortega, la directora de El Argar Musical, Ana H\u00e4sler, y la soprano Patricia Calvache.\"\/><\/figure><\/div><p><\/p><p>El Argar Musi\u00adcal, fes\u00adti\u00adval cul\u00adtu\u00adral diri\u00adgido por la mez\u00adzo\u00adso\u00adprano inter\u00adna\u00adcio\u00adnal Ana H\u00e4sler -nom\u00adbre art\u00eds\u00adtico de Ana Mar\u00eda H\u00e4sler Soler, suizo-cubano-alme\u00adrien\u00adse\u00adcon\u00adti\u00adn\u00faa con\u00adso\u00adli\u00add\u00e1n\u00addose como refe\u00adren\u00adcia cul\u00adtu\u00adral, edu\u00adca\u00adtiva y social en el levante alme\u00adriense y pre\u00adpara su quinta edi\u00adci\u00f3n en 2026, con\u00adce\u00adbida como un acon\u00adte\u00adci\u00admiento his\u00adt\u00f3\u00adrico de gran enver\u00adga\u00addura.<\/p><p>Den\u00adtro de su l\u00ednea peda\u00adg\u00f3\u00adgica, el fes\u00adti\u00adval ha puesto en mar\u00adcha una acti\u00advi\u00addad edu\u00adca\u00adtiva de alto valor for\u00adma\u00adtivo en cola\u00adbo\u00adra\u00adci\u00f3n con el IES Azahar de Antas, diri\u00adgida al alum\u00adnado de Pri\u00admero de ESO. La acti\u00advi\u00addad se desa\u00adrro\u00adlla hoy mi\u00e9r\u00adco\u00adles 17 de diciem\u00adbre, cerrando el a\u00f1o con un evento pre\u00adna\u00advi\u00adde\u00f1o y fun\u00adcio\u00adnando como ante\u00adsala de la quinta edi\u00adci\u00f3n del fes\u00adti\u00adval en 2026.<\/p><p>Para esta pri\u00admera parte, los estu\u00addian\u00adtes de la clase de M\u00fasica par\u00adti\u00adci\u00adpa\u00adr\u00e1n en un taller crea\u00adtivo que incluye el visio\u00adnado del docu\u00admen\u00adtal Homo Musi\u00adca\u00adlis de Pablo Cana\u00adl\u00eds.<\/p><p>Cana\u00adl\u00eds, uno de los mayo\u00adres<\/p><p>espe\u00adcia\u00adlis\u00adtas en Espa\u00f1a en ins\u00adtru\u00admen\u00adtos musi\u00adca\u00adles prehis\u00adt\u00f3\u00adri\u00adcos, m\u00fasico mul\u00adtiins\u00adtru\u00admen\u00adtista y edu\u00adca\u00addor infan\u00adtil, acerca a los alum\u00adnos a la m\u00fasica como herra\u00admienta de evo\u00adlu\u00adci\u00f3n, cohe\u00adsi\u00f3n social y expre\u00adsi\u00f3n cul\u00adtu\u00adral. Aun\u00adque no estar\u00e1 pre\u00adsente f\u00edsi\u00adca\u00admente en esta pri\u00admera parte de la acti\u00advi\u00addad, su obra ser\u00advir\u00e1 de ins\u00adpi\u00adra\u00adci\u00f3n y gu\u00eda para des\u00adcu\u00adbrir y apren\u00adder sobre ins\u00adtru\u00admen\u00adtos musi\u00adca\u00adles ances\u00adtra\u00adles.<\/p><p>Para la segunda sesi\u00f3n, el Ins\u00adti\u00adtuto y el fes\u00adti\u00adval con\u00adsi\u00adde\u00adran invi\u00adtar a Cana\u00adl\u00eds a par\u00adti\u00adci\u00adpar en per\u00adsona, de manera que los estu\u00addian\u00adtes pue\u00addan<\/p><p>mos\u00adtrar, tocar y expli\u00adcar los ins\u00adtru\u00admen\u00adtos cons\u00adtrui\u00addos por ellos mis\u00admos, com\u00adple\u00adtando la expe\u00adrien\u00adcia pr\u00e1c\u00adtica.<\/p><p>Para\u00adle\u00adla\u00admente, el fes\u00adti\u00adval man\u00adtiene su com\u00adpro\u00admiso con la for\u00adma\u00adci\u00f3n de cali\u00addad pro\u00adfe\u00adsio\u00adnal a tra\u00adv\u00e9s del Curso de T\u00e9c\u00adnica e Inter\u00adpre\u00adta\u00adci\u00f3n de Canto L\u00edrico Celia Vi\u00f1as in memo\u00adriam, desa\u00adrro\u00adllado durante varias edi\u00adcio\u00adnes en Antas en el anti\u00adguo Con\u00advento de las Her\u00adma\u00adnas de la Cari\u00addad y su capi\u00adlla, recu\u00adpe\u00adra\u00addos por el Fes\u00adti\u00adval como espa\u00adcios de apren\u00addi\u00adzaje y crea\u00adci\u00f3n musi\u00adcal.<\/p><p>Antas, con\u00adsi\u00adde\u00adrada la cuna de la civi\u00adli\u00adza\u00adci\u00f3n arg\u00e1\u00adrica en<\/p><p>Europa hace m\u00e1s de 4.300 a\u00f1os, se con\u00adso\u00adlida como epi\u00adcen\u00adtro de un pro\u00adyecto que com\u00adbina patri\u00admo\u00adnio, edu\u00adca\u00adci\u00f3n, inclu\u00adsi\u00f3n y exce\u00adlen\u00adcia art\u00eds\u00adtica. Desde su crea\u00adci\u00f3n en 2020 -con un estreno emble\u00adm\u00e1\u00adtico en el pro\u00adpio yaci\u00admiento de El Argar-, el fes\u00adti\u00adval ha demos\u00adtrado cali\u00addad de pri\u00admer nivel mun\u00addial desde el pri\u00admer minuto, fruto de una ini\u00adcia\u00adtiva pri\u00advada lide\u00adrada por Ana H\u00e4sler, con inver\u00adsi\u00f3n pro\u00adpia y apoyo del Ayun\u00adta\u00admiento de Antas y empre\u00adsas loca\u00adles.<\/p><p>El Argar Musi\u00adcal tiene todos los com\u00adpo\u00adnen\u00adtes para ser el Pro\u00adyecto estre\u00adlla para la difu\u00adsi\u00f3n de la Cul\u00adtura de El Argar a tra\u00adv\u00e9s de un fes\u00adti\u00adval inter\u00adna\u00adcio\u00adnal sin paran\u00adg\u00f3n, y as\u00ed lo viene tra\u00adba\u00adjando el alma del pro\u00adyecto, su crea\u00addora y visio\u00adna\u00adria, Ana H\u00e4sler, quien men\u00adciona con la pasi\u00f3n que la carac\u00adte\u00adriza: \u201cEl Argar Musi\u00adcal no es un \u201cesca\u00adpa\u00adrate cul\u00adtu\u00adral\u201d, en el que cual\u00adquier cosa vale para obte\u00adner unos fines ale\u00adja\u00addos de los mera\u00admente art\u00eds\u00adti\u00adcos\u201d<\/p><p>La quinta edi\u00adci\u00f3n de 2026 girar\u00e1 en torno a la \u00f3pera La Tra\u00adviata Arg\u00e1\u00adrica un evento his\u00adt\u00f3\u00adrico para los prin\u00adci\u00adpa\u00adles encla\u00adves arqueo\u00adl\u00f3\u00adgi\u00adcos de la cul\u00adtura de El Argar, que se viene pre\u00adpa\u00adrando desde hace m\u00e1s de un a\u00f1o. Esta edi\u00adci\u00f3n abrir\u00e1 sus fron\u00adte\u00adras arg\u00e1\u00adri\u00adcas a uno de los mayo\u00adres yaci\u00admien\u00adtos de la cul\u00adtura arg\u00e1\u00adrica, ade\u00adm\u00e1s del de Antas, refor\u00adzando su car\u00e1c\u00adter patri\u00admo\u00adnial y terri\u00adto\u00adrial. El espec\u00adt\u00e1\u00adculo con\u00adtar\u00e1 con direc\u00adci\u00f3n musi\u00adcal del Maes\u00adtro Miquel Ortega y direc\u00adci\u00f3n esc\u00e9\u00adnica de Curro Carre\u00adres, e incluir\u00e1 orquesta pro\u00adpia, coros y un elenco de pri\u00admer nivel. Como mues\u00adtra de su com\u00adpro\u00admiso con la inclu\u00adsi\u00f3n, \u201cLa Tra\u00adviata Arg\u00e1\u00adrica\u201d con\u00adtar\u00e1 con la par\u00adti\u00adci\u00adpa\u00adci\u00f3n del joven bar\u00ed\u00adtono espa\u00ad\u00f1ol Johann Sebas\u00adtian Sal\u00adva\u00adtori, can\u00adtante l\u00edrico den\u00adtro del espec\u00adtro autista, gana\u00addor de m\u00fal\u00adti\u00adples pre\u00admios, incluido el pro\u00adgrama \u201cCres\u00adcendo\u201d del Tea\u00adtro Real de Madrid, inte\u00adgrado ple\u00adna\u00admente en un reparto de exce\u00adlen\u00adcia.<\/p><p><\/p><p><\/p><p><\/p><figure class=\"wp-block-embed\"><div class=\"wp-block-embed__wrapper\">\nhttps:\/\/www.pressreader.com\/spain\/diario-de-almeria\/20251217\/282071988240566\n<\/div><\/figure><p><\/p>","protected":false},"excerpt":{"rendered":"<p>Ana H\u00e4sler avanza una quinta edi\u00adci\u00f3n del Fes\u00adti\u00adval his\u00adt\u00f3\u00adrica, inclu\u00adsiva y de pri\u00admer nivel mun\u00addial El Argar Musi\u00adcal, fes\u00adti\u00adval cul\u00adtu\u00adral diri\u00adgido por la mez\u00adzo\u00adso\u00adprano inter\u00adna\u00adcio\u00adnal Ana H\u00e4sler -nom\u00adbre art\u00eds\u00adtico de Ana Mar\u00eda H\u00e4sler Soler, suizo-cubano-alme\u00adrien\u00adse\u00adcon\u00adti\u00adn\u00faa con\u00adso\u00adli\u00add\u00e1n\u00addose como refe\u00adren\u00adcia cul\u00adtu\u00adral, edu\u00adca\u00adtiva y social en el levante alme\u00adriense y pre\u00adpara su quinta edi\u00adci\u00f3n en 2026, con\u00adce\u00adbida como [&hellip;]<\/p>\n","protected":false},"author":1,"featured_media":6523,"comment_status":"open","ping_status":"open","sticky":false,"template":"","format":"standard","meta":{"footnotes":""},"categories":[1],"tags":[],"class_list":["post-6522","post","type-post","status-publish","format-standard","has-post-thumbnail","hentry","category-uncategorized"],"_links":{"self":[{"href":"https:\/\/elargarmusical.com\/index.php?rest_route=\/wp\/v2\/posts\/6522","targetHints":{"allow":["GET"]}}],"collection":[{"href":"https:\/\/elargarmusical.com\/index.php?rest_route=\/wp\/v2\/posts"}],"about":[{"href":"https:\/\/elargarmusical.com\/index.php?rest_route=\/wp\/v2\/types\/post"}],"author":[{"embeddable":true,"href":"https:\/\/elargarmusical.com\/index.php?rest_route=\/wp\/v2\/users\/1"}],"replies":[{"embeddable":true,"href":"https:\/\/elargarmusical.com\/index.php?rest_route=%2Fwp%2Fv2%2Fcomments&post=6522"}],"version-history":[{"count":1,"href":"https:\/\/elargarmusical.com\/index.php?rest_route=\/wp\/v2\/posts\/6522\/revisions"}],"predecessor-version":[{"id":6524,"href":"https:\/\/elargarmusical.com\/index.php?rest_route=\/wp\/v2\/posts\/6522\/revisions\/6524"}],"wp:featuredmedia":[{"embeddable":true,"href":"https:\/\/elargarmusical.com\/index.php?rest_route=\/wp\/v2\/media\/6523"}],"wp:attachment":[{"href":"https:\/\/elargarmusical.com\/index.php?rest_route=%2Fwp%2Fv2%2Fmedia&parent=6522"}],"wp:term":[{"taxonomy":"category","embeddable":true,"href":"https:\/\/elargarmusical.com\/index.php?rest_route=%2Fwp%2Fv2%2Fcategories&post=6522"},{"taxonomy":"post_tag","embeddable":true,"href":"https:\/\/elargarmusical.com\/index.php?rest_route=%2Fwp%2Fv2%2Ftags&post=6522"}],"curies":[{"name":"wp","href":"https:\/\/api.w.org\/{rel}","templated":true}]}}